{"id":857,"date":"2017-02-10T13:59:30","date_gmt":"2017-02-10T12:59:30","guid":{"rendered":"http:\/\/marommeactu.fr\/?p=857"},"modified":"2017-02-10T14:01:58","modified_gmt":"2017-02-10T13:01:58","slug":"vive-les-vacances","status":"publish","type":"post","link":"https:\/\/marommeactu.fr\/?p=857","title":{"rendered":"Vacances de F\u00e9vrier : Tout un programme !"},"content":{"rendered":"<p>Comme \u00e0 chaque session, les \u00e9quipes du P\u00f4le Education, Enfance, Jeunesse ainsi que celles des Sports de la Ville de Maromme sont mobilis\u00e9es pour offrir de multiples animations aux jeunes Marommais. Le centre de loisirs du Parc de Signa, ouvert aux enfants \u00e2g\u00e9s entre 3 et 11 ans, propose une myriade d&rsquo;activit\u00e9s autour du th\u00e8me des f\u00e9es et de la magie. \u00c0 la Maison Municipale de la Jeunesse, pour les 11-17 ans, l&rsquo;ambiance sera plus futuriste avec des ateliers \u00ab\u00a0overboard\u00a0\u00bb, robotiques ou encore \u00ab\u00a0light strike\u00a0\u00bb. Enfin, \u00e0 partir de mercredi 15\u00a0 au mercredi 22 f\u00e9vrier, la patinoire municipale s&rsquo;installe place Jean Jaur\u00e8s pour accueillir le public tous les apr\u00e8s-midis.<\/p>\n<p><strong>Plus d&rsquo;infos :<\/strong><br \/>\n<strong> Centre de loisirs\u00a0 &amp; Maison Municipale de la Jeunesse : 02 32 82 50 33<\/strong><br \/>\n<strong> Op\u00e9ration \u00ab\u00a0Maromme Glac\u00e9e\u00a0\u00bb : 02 32 82 22 15<\/strong><\/p>\n<p><a href=\"http:\/\/marommeactu.fr\/wp-content\/uploads\/2017\/02\/AfficheFev.jpg\"><img loading=\"lazy\" decoding=\"async\" class=\"size-full wp-image-858 aligncenter\" src=\"http:\/\/marommeactu.fr\/wp-content\/uploads\/2017\/02\/AfficheFev.jpg\" alt=\"AfficheFev\" width=\"842\" height=\"1191\" srcset=\"https:\/\/marommeactu.fr\/wp-content\/uploads\/2017\/02\/AfficheFev.jpg 842w, https:\/\/marommeactu.fr\/wp-content\/uploads\/2017\/02\/AfficheFev-212x300.jpg 212w, https:\/\/marommeactu.fr\/wp-content\/uploads\/2017\/02\/AfficheFev-768x1086.jpg 768w, https:\/\/marommeactu.fr\/wp-content\/uploads\/2017\/02\/AfficheFev-724x1024.jpg 724w\" sizes=\"(max-width: 842px) 100vw, 842px\" \/><\/a> <a href=\"http:\/\/marommeactu.fr\/wp-content\/uploads\/2017\/02\/Affiche-vac-fe\u0301vr.jpg\"><img loading=\"lazy\" decoding=\"async\" class=\"alignnone size-full wp-image-859 aligncenter\" src=\"http:\/\/marommeactu.fr\/wp-content\/uploads\/2017\/02\/Affiche-vac-fe\u0301vr.jpg\" alt=\"Affiche-vac-fe\u0301vr\" width=\"1200\" height=\"1697\" srcset=\"https:\/\/marommeactu.fr\/wp-content\/uploads\/2017\/02\/Affiche-vac-fe\u0301vr.jpg 1200w, https:\/\/marommeactu.fr\/wp-content\/uploads\/2017\/02\/Affiche-vac-fe\u0301vr-212x300.jpg 212w, https:\/\/marommeactu.fr\/wp-content\/uploads\/2017\/02\/Affiche-vac-fe\u0301vr-768x1086.jpg 768w, https:\/\/marommeactu.fr\/wp-content\/uploads\/2017\/02\/Affiche-vac-fe\u0301vr-724x1024.jpg 724w\" sizes=\"(max-width: 1200px) 100vw, 1200px\" \/><\/a><\/p>\n<p><span style=\"border-radius: 2px; text-indent: 20px; width: auto; padding: 0px 4px 0px 0px; text-align: center; font: bold 11px\/20px 'Helvetica Neue',Helvetica,sans-serif; color: #ffffff; background: #bd081c no-repeat scroll 3px 50% \/ 14px 14px; position: absolute; opacity: 1; z-index: 8675309; display: none; cursor: pointer;\">Enregistrer<\/span><\/p>\n<p><span style=\"border-radius: 2px; text-indent: 20px; width: auto; padding: 0px 4px 0px 0px; text-align: center; font: bold 11px\/20px 'Helvetica Neue',Helvetica,sans-serif; color: #ffffff; background: #bd081c no-repeat scroll 3px 50% \/ 14px 14px; position: absolute; opacity: 1; z-index: 8675309; display: none; cursor: pointer; top: 295px; left: 20px;\">Enregistrer<\/span><\/p>\n<p><span style=\"border-radius: 2px; text-indent: 20px; width: auto; padding: 0px 4px 0px 0px; text-align: center; font: bold 11px\/20px 'Helvetica Neue',Helvetica,sans-serif; color: #ffffff; background: #bd081c  no-repeat scroll 3px 50% \/ 14px 14px; position: absolute; opacity: 1; z-index: 8675309; display: none; cursor: pointer; top: 295px; left: 447px;\">Enregistrer<\/span><\/p>\n","protected":false},"excerpt":{"rendered":"<p>Comme \u00e0 chaque session, les \u00e9quipes du P\u00f4le Education, Enfance, Jeunesse ainsi que celles des Sports de la Ville de Maromme sont mobilis\u00e9es pour offrir de multiples animations aux jeunes Marommais. Le centre de loisirs du Parc de Signa, ouvert aux enfants \u00e2g\u00e9s entre 3 et 11 ans, propose une myriade d&rsquo;activit\u00e9s autour du th\u00e8me&#8230; <\/p>\n<div class=\"link-more\"><a href=\"https:\/\/marommeactu.fr\/?p=857\">En savoir plus<\/a><\/div>\n","protected":false},"author":1,"featured_media":671,"comment_status":"closed","ping_status":"closed","sticky":false,"template":"","format":"standard","meta":{"footnotes":""},"categories":[4],"tags":[],"_links":{"self":[{"href":"https:\/\/marommeactu.fr\/index.php?rest_route=\/wp\/v2\/posts\/857"}],"collection":[{"href":"https:\/\/marommeactu.fr\/index.php?rest_route=\/wp\/v2\/posts"}],"about":[{"href":"https:\/\/marommeactu.fr\/index.php?rest_route=\/wp\/v2\/types\/post"}],"author":[{"embeddable":true,"href":"https:\/\/marommeactu.fr\/index.php?rest_route=\/wp\/v2\/users\/1"}],"replies":[{"embeddable":true,"href":"https:\/\/marommeactu.fr\/index.php?rest_route=%2Fwp%2Fv2%2Fcomments&post=857"}],"version-history":[{"count":5,"href":"https:\/\/marommeactu.fr\/index.php?rest_route=\/wp\/v2\/posts\/857\/revisions"}],"predecessor-version":[{"id":864,"href":"https:\/\/marommeactu.fr\/index.php?rest_route=\/wp\/v2\/posts\/857\/revisions\/864"}],"wp:featuredmedia":[{"embeddable":true,"href":"https:\/\/marommeactu.fr\/index.php?rest_route=\/wp\/v2\/media\/671"}],"wp:attachment":[{"href":"https:\/\/marommeactu.fr\/index.php?rest_route=%2Fwp%2Fv2%2Fmedia&parent=857"}],"wp:term":[{"taxonomy":"category","embeddable":true,"href":"https:\/\/marommeactu.fr\/index.php?rest_route=%2Fwp%2Fv2%2Fcategories&post=857"},{"taxonomy":"post_tag","embeddable":true,"href":"https:\/\/marommeactu.fr\/index.php?rest_route=%2Fwp%2Fv2%2Ftags&post=857"}],"curies":[{"name":"wp","href":"https:\/\/api.w.org\/{rel}","templated":true}]}}