{"id":849,"date":"2017-02-09T09:22:55","date_gmt":"2017-02-09T08:22:55","guid":{"rendered":"http:\/\/marommeactu.fr\/?p=849"},"modified":"2017-02-09T09:23:01","modified_gmt":"2017-02-09T08:23:01","slug":"travaux-rue-des-martyrs","status":"publish","type":"post","link":"https:\/\/marommeactu.fr\/?p=849","title":{"rendered":"Travaux rue des Martyrs"},"content":{"rendered":"<p><strong>Du lundi 13\u00a0 au vendredi 24 f\u00e9vrier,<\/strong> des travaux de voirie auront lieu rue des Martyrs. Ceux-ci concernent l&rsquo;am\u00e9nagement d&rsquo;un espace destin\u00e9 au transports de fonds.<br \/>\nEn cons\u00e9quence, la circulation sera partiellement d\u00e9cal\u00e9e et s&rsquo;accompagnera d&rsquo;une interdiction de stationner. Un itin\u00e9raire s\u00e9curis\u00e9 pour les pi\u00e9tons sera \u00e9galement mis en place. La plus grande prudence est demand\u00e9e aux automobilistes ainsi qu&rsquo;aux pi\u00e9tons. Merci de votre compr\u00e9hension.<\/p>\n<p><a href=\"http:\/\/marommeactu.fr\/wp-content\/uploads\/2017\/02\/Martyrs.jpg\"><img loading=\"lazy\" decoding=\"async\" class=\"size-full wp-image-850 aligncenter\" src=\"http:\/\/marommeactu.fr\/wp-content\/uploads\/2017\/02\/Martyrs.jpg\" alt=\"Martyrs\" width=\"931\" height=\"1680\" srcset=\"https:\/\/marommeactu.fr\/wp-content\/uploads\/2017\/02\/Martyrs.jpg 931w, https:\/\/marommeactu.fr\/wp-content\/uploads\/2017\/02\/Martyrs-166x300.jpg 166w, https:\/\/marommeactu.fr\/wp-content\/uploads\/2017\/02\/Martyrs-768x1386.jpg 768w, https:\/\/marommeactu.fr\/wp-content\/uploads\/2017\/02\/Martyrs-567x1024.jpg 567w\" sizes=\"(max-width: 931px) 100vw, 931px\" \/><\/a><\/p>\n<p><span style=\"border-radius: 2px; text-indent: 20px; width: auto; padding: 0px 4px 0px 0px; text-align: center; font: bold 11px\/20px 'Helvetica Neue',Helvetica,sans-serif; color: #ffffff; background: #bd081c  no-repeat scroll 3px 50% \/ 14px 14px; position: absolute; opacity: 1; z-index: 8675309; display: none; cursor: pointer;\">Enregistrer<\/span><\/p>\n","protected":false},"excerpt":{"rendered":"<p>Du lundi 13\u00a0 au vendredi 24 f\u00e9vrier, des travaux de voirie auront lieu rue des Martyrs. Ceux-ci concernent l&rsquo;am\u00e9nagement d&rsquo;un espace destin\u00e9 au transports de fonds. En cons\u00e9quence, la circulation sera partiellement d\u00e9cal\u00e9e et s&rsquo;accompagnera d&rsquo;une interdiction de stationner. Un itin\u00e9raire s\u00e9curis\u00e9 pour les pi\u00e9tons sera \u00e9galement mis en place. La plus grande prudence est&#8230; <\/p>\n<div class=\"link-more\"><a href=\"https:\/\/marommeactu.fr\/?p=849\">En savoir plus<\/a><\/div>\n","protected":false},"author":1,"featured_media":850,"comment_status":"closed","ping_status":"closed","sticky":false,"template":"","format":"standard","meta":{"footnotes":""},"categories":[4],"tags":[],"_links":{"self":[{"href":"https:\/\/marommeactu.fr\/index.php?rest_route=\/wp\/v2\/posts\/849"}],"collection":[{"href":"https:\/\/marommeactu.fr\/index.php?rest_route=\/wp\/v2\/posts"}],"about":[{"href":"https:\/\/marommeactu.fr\/index.php?rest_route=\/wp\/v2\/types\/post"}],"author":[{"embeddable":true,"href":"https:\/\/marommeactu.fr\/index.php?rest_route=\/wp\/v2\/users\/1"}],"replies":[{"embeddable":true,"href":"https:\/\/marommeactu.fr\/index.php?rest_route=%2Fwp%2Fv2%2Fcomments&post=849"}],"version-history":[{"count":3,"href":"https:\/\/marommeactu.fr\/index.php?rest_route=\/wp\/v2\/posts\/849\/revisions"}],"predecessor-version":[{"id":853,"href":"https:\/\/marommeactu.fr\/index.php?rest_route=\/wp\/v2\/posts\/849\/revisions\/853"}],"wp:featuredmedia":[{"embeddable":true,"href":"https:\/\/marommeactu.fr\/index.php?rest_route=\/wp\/v2\/media\/850"}],"wp:attachment":[{"href":"https:\/\/marommeactu.fr\/index.php?rest_route=%2Fwp%2Fv2%2Fmedia&parent=849"}],"wp:term":[{"taxonomy":"category","embeddable":true,"href":"https:\/\/marommeactu.fr\/index.php?rest_route=%2Fwp%2Fv2%2Fcategories&post=849"},{"taxonomy":"post_tag","embeddable":true,"href":"https:\/\/marommeactu.fr\/index.php?rest_route=%2Fwp%2Fv2%2Ftags&post=849"}],"curies":[{"name":"wp","href":"https:\/\/api.w.org\/{rel}","templated":true}]}}