{"id":837,"date":"2017-02-08T14:46:54","date_gmt":"2017-02-08T13:46:54","guid":{"rendered":"http:\/\/marommeactu.fr\/?p=837"},"modified":"2021-08-25T13:57:05","modified_gmt":"2021-08-25T11:57:05","slug":"maromme-ville-active-et-sportive","status":"publish","type":"post","link":"https:\/\/marommeactu.fr\/?p=837","title":{"rendered":"Maromme : Ville active et sportive !"},"content":{"rendered":"<p style=\"text-align: left;\"><strong>La Ville de Maromme a, une nouvelle fois, \u00e9t\u00e9 reconnue pour son dynamisme et sa vitalit\u00e9 en mati\u00e8re de politique sportive et de loisirs. Hier, David Lamiray s&rsquo;est en effet vu remettre des mains du Secr\u00e9taire d\u2019\u00c9tat charg\u00e9 des sports, Thierry Braillard, le prix \u00abVille active et sportive\u00bb. Maromme fait ainsi partie du cercle restreint de 175 communes de France (sur 36 000) \u00e0 \u00eatre labellis\u00e9es par la Direction des Sports du Minist\u00e8re de la Ville, de la Jeunesse et des Sports, La FIFAS et L\u2019ANDES.<\/strong><\/p>\n<p style=\"text-align: left;\"><a href=\"http:\/\/marommeactu.fr\/wp-content\/uploads\/2017\/02\/16463065_1436982206335833_6374292425477855343_o.jpg\"><img loading=\"lazy\" decoding=\"async\" class=\"alignnone size-full wp-image-839\" src=\"http:\/\/marommeactu.fr\/wp-content\/uploads\/2017\/02\/16463065_1436982206335833_6374292425477855343_o.jpg\" alt=\"16463065_1436982206335833_6374292425477855343_o\" width=\"686\" height=\"247\" srcset=\"https:\/\/marommeactu.fr\/wp-content\/uploads\/2017\/02\/16463065_1436982206335833_6374292425477855343_o.jpg 686w, https:\/\/marommeactu.fr\/wp-content\/uploads\/2017\/02\/16463065_1436982206335833_6374292425477855343_o-300x108.jpg 300w, https:\/\/marommeactu.fr\/wp-content\/uploads\/2017\/02\/16463065_1436982206335833_6374292425477855343_o-600x216.jpg 600w\" sizes=\"(max-width: 686px) 100vw, 686px\" \/><\/a><br \/>\nApr\u00e8s avoir \u00e9t\u00e9 distingu\u00e9e en 2013 \u00ab\u00a0Ville ludique et sportive\u00a0\u00bb, Maromme devient cette ann\u00e9e \u00ab\u00a0Ville active et sportive\u00a0\u00bb. Elle obtient, de surcroit, le pr\u00e9cieux s\u00e9same avec \u00ab\u00a0deux lauriers\u00a0\u00bb, une mention qui t\u00e9moigne de la force du dossier pr\u00e9sent\u00e9 par la Ville. Cr\u00e9\u00e9 en 2016 et plac\u00e9 sous le parrainage de Tony Estanguet, vice-pr\u00e9sident de la candidature aux Jeux Olympiques Paris 2024, ce label r\u00e9compense les communes qui d\u00e9veloppent des politiques volontaristes pour promouvoir l\u2019activit\u00e9 physique et sportive, sous toutes ses formes, \u00a0et accessible au plus grand nombre.<\/p>\n<p style=\"text-align: left;\">Ind\u00e9niablement, Maromme fait valoir des arguments en la mati\u00e8re. Avec des infrastructures de qualit\u00e9, pl\u00e9biscit\u00e9es quotidiennement par les Marommais mais aussi les habitants de toute la vall\u00e9e du Cailly, elle marque son engagement pour accompagner et promouvoir les pratiques sportives. Complexe Paul Vauquelin, Parc de Signa, aires de jeux de proximit\u00e9, la Ville entretient, r\u00e9nove et d\u00e9veloppe continuellement ses \u00e9quipements pour garantir les meilleures conditions d&rsquo;accueil des publics. Le r\u00e9novation r\u00e9cente du terrain synth\u00e9tique de football ou le remplacement l&rsquo;an dernier par des Leds de l&rsquo;\u00e9clairage des courts couverts de tennis sont des exemples parmi tant d&rsquo;autres de l&rsquo;attention port\u00e9e par les \u00e9lus sur le sujet.\u00a0 Attach\u00e9e aux valeurs \u00e9ducatives, la Ville de Maromme m\u00e8ne aussi une politique active en mati\u00e8re d&rsquo;\u00e9veil et d&rsquo;animation gr\u00e2ce \u00e0 ses \u00e9ducateurs sportifs municipaux qui interviennent tout au long de l&rsquo;ann\u00e9e aupr\u00e8s des \u00e9l\u00e8ves des \u00e9coles, des jeunes des clubs mais aussi durant les vacances scolaires. Maromme dispose aussi d&rsquo;un tissu associatif dense. 78 associations dont 30 sportives contribuent au d\u00e9veloppement et \u00e0 l&rsquo;animation. Le calendrier des manifestations auquel s&rsquo;ajoute les grands \u00e9v\u00e9nements organis\u00e9s par la Ville (Forum des associations, Maromme Glac\u00e9e, Acti-sport\u2026) est tout au long de l&rsquo;ann\u00e9e bien charg\u00e9 .<\/p>\n<p style=\"text-align: left;\">Pour David Lamiray, cette labellisation repr\u00e9sente \u00ab\u00a0<em>une reconnaissance vis-\u00e0-vis du travail effectu\u00e9 ces derni\u00e8res ann\u00e9es et de notre implication \u00e0 faire de Maromme une ville active, une ville en mouvement, une ville o\u00f9 l&rsquo;esprit d&rsquo;\u00e9quipe pr\u00e9domine.<\/em> (\u2026) <em>Cette distinction, c&rsquo;est celle de l&rsquo;engagement de toute une ville pour une pratique sportive et ludique, accessible \u00e0 tous<\/em>\u00ab\u00a0.<\/p>\n<p style=\"text-align: center;\">\u00a0<a href=\"http:\/\/marommeactu.fr\/wp-content\/uploads\/2017\/02\/15780992_1436982196335834_5088501097245894398_n.jpg\"><img loading=\"lazy\" decoding=\"async\" class=\"alignnone size-full wp-image-840\" src=\"http:\/\/marommeactu.fr\/wp-content\/uploads\/2017\/02\/15780992_1436982196335834_5088501097245894398_n.jpg\" alt=\"15780992_1436982196335834_5088501097245894398_n\" width=\"512\" height=\"511\" srcset=\"https:\/\/marommeactu.fr\/wp-content\/uploads\/2017\/02\/15780992_1436982196335834_5088501097245894398_n.jpg 512w, https:\/\/marommeactu.fr\/wp-content\/uploads\/2017\/02\/15780992_1436982196335834_5088501097245894398_n-150x150.jpg 150w, https:\/\/marommeactu.fr\/wp-content\/uploads\/2017\/02\/15780992_1436982196335834_5088501097245894398_n-300x300.jpg 300w, https:\/\/marommeactu.fr\/wp-content\/uploads\/2017\/02\/15780992_1436982196335834_5088501097245894398_n-301x300.jpg 301w\" sizes=\"(max-width: 512px) 100vw, 512px\" \/><\/a><\/p>\n<p><span style=\"border-radius: 2px; text-indent: 20px; width: auto; padding: 0px 4px 0px 0px; text-align: center; font: bold 11px\/20px 'Helvetica Neue',Helvetica,sans-serif; color: #ffffff; background: #bd081c no-repeat scroll 3px 50% \/ 14px 14px; position: absolute; opacity: 1; z-index: 8675309; display: none; cursor: pointer;\">Enregistrer<\/span><\/p>\n<p><span style=\"border-radius: 2px; text-indent: 20px; width: auto; padding: 0px 4px 0px 0px; text-align: center; font: bold 11px\/20px 'Helvetica Neue',Helvetica,sans-serif; color: #ffffff; background: #bd081c  no-repeat scroll 3px 50% \/ 14px 14px; position: absolute; opacity: 1; z-index: 8675309; display: none; cursor: pointer; top: 825px; left: 654px;\">Enregistrer<\/span><\/p>\n","protected":false},"excerpt":{"rendered":"<p>La Ville de Maromme a, une nouvelle fois, \u00e9t\u00e9 reconnue pour son dynamisme et sa vitalit\u00e9 en mati\u00e8re de politique sportive et de loisirs. Hier, David Lamiray s&rsquo;est en effet vu remettre des mains du Secr\u00e9taire d\u2019\u00c9tat charg\u00e9 des sports, Thierry Braillard, le prix \u00abVille active et sportive\u00bb. Maromme fait ainsi partie du cercle restreint&#8230; <\/p>\n<div class=\"link-more\"><a href=\"https:\/\/marommeactu.fr\/?p=837\">En savoir plus<\/a><\/div>\n","protected":false},"author":1,"featured_media":838,"comment_status":"closed","ping_status":"closed","sticky":false,"template":"","format":"standard","meta":{"footnotes":""},"categories":[4],"tags":[],"_links":{"self":[{"href":"https:\/\/marommeactu.fr\/index.php?rest_route=\/wp\/v2\/posts\/837"}],"collection":[{"href":"https:\/\/marommeactu.fr\/index.php?rest_route=\/wp\/v2\/posts"}],"about":[{"href":"https:\/\/marommeactu.fr\/index.php?rest_route=\/wp\/v2\/types\/post"}],"author":[{"embeddable":true,"href":"https:\/\/marommeactu.fr\/index.php?rest_route=\/wp\/v2\/users\/1"}],"replies":[{"embeddable":true,"href":"https:\/\/marommeactu.fr\/index.php?rest_route=%2Fwp%2Fv2%2Fcomments&post=837"}],"version-history":[{"count":6,"href":"https:\/\/marommeactu.fr\/index.php?rest_route=\/wp\/v2\/posts\/837\/revisions"}],"predecessor-version":[{"id":846,"href":"https:\/\/marommeactu.fr\/index.php?rest_route=\/wp\/v2\/posts\/837\/revisions\/846"}],"wp:featuredmedia":[{"embeddable":true,"href":"https:\/\/marommeactu.fr\/index.php?rest_route=\/wp\/v2\/media\/838"}],"wp:attachment":[{"href":"https:\/\/marommeactu.fr\/index.php?rest_route=%2Fwp%2Fv2%2Fmedia&parent=837"}],"wp:term":[{"taxonomy":"category","embeddable":true,"href":"https:\/\/marommeactu.fr\/index.php?rest_route=%2Fwp%2Fv2%2Fcategories&post=837"},{"taxonomy":"post_tag","embeddable":true,"href":"https:\/\/marommeactu.fr\/index.php?rest_route=%2Fwp%2Fv2%2Ftags&post=837"}],"curies":[{"name":"wp","href":"https:\/\/api.w.org\/{rel}","templated":true}]}}