{"id":810,"date":"2017-02-06T11:52:40","date_gmt":"2017-02-06T10:52:40","guid":{"rendered":"http:\/\/marommeactu.fr\/?p=810"},"modified":"2017-02-06T12:14:19","modified_gmt":"2017-02-06T11:14:19","slug":"200-gymnastes-en-lice-a-maromme","status":"publish","type":"post","link":"https:\/\/marommeactu.fr\/?p=810","title":{"rendered":"200 gymnastes en lice \u00e0 Maromme"},"content":{"rendered":"<p>Week-end d&rsquo;\u00e9mulation et de comp\u00e9tition \u00e0 Maromme pour plus de 200 gymnastes hauts-normands. Le club de La Pers\u00e9v\u00e9rante accueillait en effet au gymnase Rabelais les championnats r\u00e9gionaux de gymnastique artistique. Ag\u00e9s entre 7 et\u00a0 22 ans, les comp\u00e9titeurs \u00e9taient venus d\u00e9crocher leurs qualifications pour les demi-finales des championnats de France. Les f\u00e9minines disputaient leurs s\u00e9lections autour de quatre agr\u00e8s (Barres asym\u00e9triques, poudre, sol et saut), six pour les gar\u00e7ons (barre fixe, barres parall\u00e8les, anneaux, cheval d&rsquo;ar\u00e7on, sol et saut).<br \/>\nPlus 50 b\u00e9n\u00e9voles de La Pers\u00e9v\u00e9rante, tout \u00e2ge confondu, ont \u00e9t\u00e9 mobilis\u00e9s pour accueillir dans les meilleures conditions les gymnastes et le public, (plus de 650 personnes pr\u00e9sentes le samedi) mais aussi et surtout pour permettre le bon d\u00e9roulement des \u00e9preuves.<\/p>\n<p style=\"text-align: center;\"><a href=\"http:\/\/marommeactu.fr\/wp-content\/uploads\/2017\/02\/DSC04760.jpg\"><img loading=\"lazy\" decoding=\"async\" class=\"alignnone size-full wp-image-812\" src=\"http:\/\/marommeactu.fr\/wp-content\/uploads\/2017\/02\/DSC04760.jpg\" alt=\"DSC04760\" width=\"1500\" height=\"998\" srcset=\"https:\/\/marommeactu.fr\/wp-content\/uploads\/2017\/02\/DSC04760.jpg 1500w, https:\/\/marommeactu.fr\/wp-content\/uploads\/2017\/02\/DSC04760-300x200.jpg 300w, https:\/\/marommeactu.fr\/wp-content\/uploads\/2017\/02\/DSC04760-768x511.jpg 768w, https:\/\/marommeactu.fr\/wp-content\/uploads\/2017\/02\/DSC04760-1024x681.jpg 1024w, https:\/\/marommeactu.fr\/wp-content\/uploads\/2017\/02\/DSC04760-288x192.jpg 288w, https:\/\/marommeactu.fr\/wp-content\/uploads\/2017\/02\/DSC04760-960x640.jpg 960w, https:\/\/marommeactu.fr\/wp-content\/uploads\/2017\/02\/DSC04760-451x300.jpg 451w\" sizes=\"(max-width: 1500px) 100vw, 1500px\" \/><\/a><\/p>\n<p><span style=\"border-radius: 2px; text-indent: 20px; width: auto; padding: 0px 4px 0px 0px; text-align: center; font: bold 11px\/20px 'Helvetica Neue',Helvetica,sans-serif; color: #ffffff; background: #bd081c no-repeat scroll 3px 50% \/ 14px 14px; position: absolute; opacity: 1; z-index: 8675309; display: none; cursor: pointer; top: 205px; left: 31px;\">Enregistrer<\/span><\/p>\n<p><span style=\"border-radius: 2px; text-indent: 20px; width: auto; padding: 0px 4px 0px 0px; text-align: center; font: bold 11px\/20px 'Helvetica Neue',Helvetica,sans-serif; color: #ffffff; background: #bd081c no-repeat scroll 3px 50% \/ 14px 14px; position: absolute; opacity: 1; z-index: 8675309; display: none; cursor: pointer;\">Enregistrer<\/span><\/p>\n<p><span style=\"border-radius: 2px; text-indent: 20px; width: auto; padding: 0px 4px 0px 0px; text-align: center; font: bold 11px\/20px 'Helvetica Neue',Helvetica,sans-serif; color: #ffffff; background: #bd081c no-repeat scroll 3px 50% \/ 14px 14px; position: absolute; opacity: 1; z-index: 8675309; display: none; cursor: pointer; top: 205px; left: 31px;\">Enregistrer<\/span><\/p>\n<p><span style=\"border-radius: 2px; text-indent: 20px; width: auto; padding: 0px 4px 0px 0px; text-align: center; font: bold 11px\/20px 'Helvetica Neue',Helvetica,sans-serif; color: #ffffff; background: #bd081c  no-repeat scroll 3px 50% \/ 14px 14px; position: absolute; opacity: 1; z-index: 8675309; display: none; cursor: pointer;\">Enregistrer<\/span><\/p>\n","protected":false},"excerpt":{"rendered":"<p>Week-end d&rsquo;\u00e9mulation et de comp\u00e9tition \u00e0 Maromme pour plus de 200 gymnastes hauts-normands. Le club de La Pers\u00e9v\u00e9rante accueillait en effet au gymnase Rabelais les championnats r\u00e9gionaux de gymnastique artistique. Ag\u00e9s entre 7 et\u00a0 22 ans, les comp\u00e9titeurs \u00e9taient venus d\u00e9crocher leurs qualifications pour les demi-finales des championnats de France. Les f\u00e9minines disputaient leurs s\u00e9lections&#8230; <\/p>\n<div class=\"link-more\"><a href=\"https:\/\/marommeactu.fr\/?p=810\">En savoir plus<\/a><\/div>\n","protected":false},"author":1,"featured_media":811,"comment_status":"closed","ping_status":"closed","sticky":false,"template":"","format":"standard","meta":{"footnotes":""},"categories":[4],"tags":[],"_links":{"self":[{"href":"https:\/\/marommeactu.fr\/index.php?rest_route=\/wp\/v2\/posts\/810"}],"collection":[{"href":"https:\/\/marommeactu.fr\/index.php?rest_route=\/wp\/v2\/posts"}],"about":[{"href":"https:\/\/marommeactu.fr\/index.php?rest_route=\/wp\/v2\/types\/post"}],"author":[{"embeddable":true,"href":"https:\/\/marommeactu.fr\/index.php?rest_route=\/wp\/v2\/users\/1"}],"replies":[{"embeddable":true,"href":"https:\/\/marommeactu.fr\/index.php?rest_route=%2Fwp%2Fv2%2Fcomments&post=810"}],"version-history":[{"count":5,"href":"https:\/\/marommeactu.fr\/index.php?rest_route=\/wp\/v2\/posts\/810\/revisions"}],"predecessor-version":[{"id":817,"href":"https:\/\/marommeactu.fr\/index.php?rest_route=\/wp\/v2\/posts\/810\/revisions\/817"}],"wp:featuredmedia":[{"embeddable":true,"href":"https:\/\/marommeactu.fr\/index.php?rest_route=\/wp\/v2\/media\/811"}],"wp:attachment":[{"href":"https:\/\/marommeactu.fr\/index.php?rest_route=%2Fwp%2Fv2%2Fmedia&parent=810"}],"wp:term":[{"taxonomy":"category","embeddable":true,"href":"https:\/\/marommeactu.fr\/index.php?rest_route=%2Fwp%2Fv2%2Fcategories&post=810"},{"taxonomy":"post_tag","embeddable":true,"href":"https:\/\/marommeactu.fr\/index.php?rest_route=%2Fwp%2Fv2%2Ftags&post=810"}],"curies":[{"name":"wp","href":"https:\/\/api.w.org\/{rel}","templated":true}]}}