{"id":7957,"date":"2018-03-19T12:14:11","date_gmt":"2018-03-19T11:14:11","guid":{"rendered":"http:\/\/marommeactu.fr\/?p=7957"},"modified":"2018-03-19T12:14:11","modified_gmt":"2018-03-19T11:14:11","slug":"lirlande-en-musique","status":"publish","type":"post","link":"https:\/\/marommeactu.fr\/?p=7957","title":{"rendered":"L&rsquo;Irlande en musique !"},"content":{"rendered":"<p style=\"text-align: justify;\"><a href=\"http:\/\/marommeactu.fr\/wp-content\/uploads\/2018\/03\/29314114_1879894642044585_4421677472706199552_n.jpg\"><img loading=\"lazy\" decoding=\"async\" class=\"alignnone size-full wp-image-7961\" src=\"http:\/\/marommeactu.fr\/wp-content\/uploads\/2018\/03\/29314114_1879894642044585_4421677472706199552_n.jpg\" alt=\"29314114_1879894642044585_4421677472706199552_n\" width=\"960\" height=\"540\" srcset=\"https:\/\/marommeactu.fr\/wp-content\/uploads\/2018\/03\/29314114_1879894642044585_4421677472706199552_n.jpg 960w, https:\/\/marommeactu.fr\/wp-content\/uploads\/2018\/03\/29314114_1879894642044585_4421677472706199552_n-300x169.jpg 300w, https:\/\/marommeactu.fr\/wp-content\/uploads\/2018\/03\/29314114_1879894642044585_4421677472706199552_n-768x432.jpg 768w, https:\/\/marommeactu.fr\/wp-content\/uploads\/2018\/03\/29314114_1879894642044585_4421677472706199552_n-533x300.jpg 533w\" sizes=\"(max-width: 960px) 100vw, 960px\" \/><\/a><\/p>\n<p style=\"text-align: justify;\">Samedi soir, l&rsquo;\u00e9cole municipale de musique f\u00eatait la <em>Saint Patrick<\/em> en proposant un concert aux couleurs de l&rsquo;Irlande. Sous l&rsquo;intitul\u00e9 \u00ab\u00a0Coup de Pub\u00a0\u00bb et en partenariat avec le Malt du Pays, cette soir\u00e9e a remport\u00e9 un tel succ\u00e8s qu&rsquo;elle s&rsquo;est jou\u00e9e \u00e0 guichet ferm\u00e9 (m\u00eame si l&rsquo;entr\u00e9e \u00e9tait gratuite !). Devant un public venu en nombre donc, les \u00e9l\u00e8ves et professeurs de l&rsquo;\u00e9cole ont repris quelques uns des standards du registre folklorique irlandais, particuli\u00e8rement entendus dans les pubs de l&rsquo;ile. La compagnie Basinga, actuellement en r\u00e9sidence \u00e0 Maromme dans le cadre du festival <em>Spring<\/em> pour leur cr\u00e9ation funambule <em>Travers\u00e9e<\/em> (le 24 mars \u00e0 16h, quartier de la Cl\u00e9rette), s&rsquo;est jointe au spectacle. Une soir\u00e9e chaleureuse et\u00a0 conviviale comme sait toujours les organiser l&rsquo;\u00e9cole municipale de musique de Maromme.<\/p>\n<p style=\"text-align: justify;\"><a href=\"http:\/\/marommeactu.fr\/wp-content\/uploads\/2018\/03\/20180317_185220.jpg\"><img loading=\"lazy\" decoding=\"async\" class=\"alignnone size-full wp-image-7958\" src=\"http:\/\/marommeactu.fr\/wp-content\/uploads\/2018\/03\/20180317_185220.jpg\" alt=\"20180317_185220\" width=\"1280\" height=\"720\" srcset=\"https:\/\/marommeactu.fr\/wp-content\/uploads\/2018\/03\/20180317_185220.jpg 1280w, https:\/\/marommeactu.fr\/wp-content\/uploads\/2018\/03\/20180317_185220-300x169.jpg 300w, https:\/\/marommeactu.fr\/wp-content\/uploads\/2018\/03\/20180317_185220-768x432.jpg 768w, https:\/\/marommeactu.fr\/wp-content\/uploads\/2018\/03\/20180317_185220-1024x576.jpg 1024w, https:\/\/marommeactu.fr\/wp-content\/uploads\/2018\/03\/20180317_185220-533x300.jpg 533w\" sizes=\"(max-width: 1280px) 100vw, 1280px\" \/><\/a><\/p>\n","protected":false},"excerpt":{"rendered":"<p>Samedi soir, l&rsquo;\u00e9cole municipale de musique f\u00eatait la Saint Patrick en proposant un concert aux couleurs de l&rsquo;Irlande. Sous l&rsquo;intitul\u00e9 \u00ab\u00a0Coup de Pub\u00a0\u00bb et en partenariat avec le Malt du Pays, cette soir\u00e9e a remport\u00e9 un tel succ\u00e8s qu&rsquo;elle s&rsquo;est jou\u00e9e \u00e0 guichet ferm\u00e9 (m\u00eame si l&rsquo;entr\u00e9e \u00e9tait gratuite !). Devant un public venu en&#8230; <\/p>\n<div class=\"link-more\"><a href=\"https:\/\/marommeactu.fr\/?p=7957\">En savoir plus<\/a><\/div>\n","protected":false},"author":1,"featured_media":7960,"comment_status":"closed","ping_status":"closed","sticky":false,"template":"","format":"standard","meta":{"footnotes":""},"categories":[4],"tags":[],"_links":{"self":[{"href":"https:\/\/marommeactu.fr\/index.php?rest_route=\/wp\/v2\/posts\/7957"}],"collection":[{"href":"https:\/\/marommeactu.fr\/index.php?rest_route=\/wp\/v2\/posts"}],"about":[{"href":"https:\/\/marommeactu.fr\/index.php?rest_route=\/wp\/v2\/types\/post"}],"author":[{"embeddable":true,"href":"https:\/\/marommeactu.fr\/index.php?rest_route=\/wp\/v2\/users\/1"}],"replies":[{"embeddable":true,"href":"https:\/\/marommeactu.fr\/index.php?rest_route=%2Fwp%2Fv2%2Fcomments&post=7957"}],"version-history":[{"count":2,"href":"https:\/\/marommeactu.fr\/index.php?rest_route=\/wp\/v2\/posts\/7957\/revisions"}],"predecessor-version":[{"id":7963,"href":"https:\/\/marommeactu.fr\/index.php?rest_route=\/wp\/v2\/posts\/7957\/revisions\/7963"}],"wp:featuredmedia":[{"embeddable":true,"href":"https:\/\/marommeactu.fr\/index.php?rest_route=\/wp\/v2\/media\/7960"}],"wp:attachment":[{"href":"https:\/\/marommeactu.fr\/index.php?rest_route=%2Fwp%2Fv2%2Fmedia&parent=7957"}],"wp:term":[{"taxonomy":"category","embeddable":true,"href":"https:\/\/marommeactu.fr\/index.php?rest_route=%2Fwp%2Fv2%2Fcategories&post=7957"},{"taxonomy":"post_tag","embeddable":true,"href":"https:\/\/marommeactu.fr\/index.php?rest_route=%2Fwp%2Fv2%2Ftags&post=7957"}],"curies":[{"name":"wp","href":"https:\/\/api.w.org\/{rel}","templated":true}]}}