{"id":7948,"date":"2018-03-19T11:52:03","date_gmt":"2018-03-19T10:52:03","guid":{"rendered":"http:\/\/marommeactu.fr\/?p=7948"},"modified":"2018-03-19T11:52:03","modified_gmt":"2018-03-19T10:52:03","slug":"commemoration-du-19-mars-2","status":"publish","type":"post","link":"https:\/\/marommeactu.fr\/?p=7948","title":{"rendered":"Comm\u00e9moration du 19 mars"},"content":{"rendered":"<p style=\"text-align: justify;\"><a href=\"http:\/\/marommeactu.fr\/wp-content\/uploads\/2018\/03\/MG_9245.jpg\"><img loading=\"lazy\" decoding=\"async\" class=\"alignnone size-full wp-image-7949\" src=\"http:\/\/marommeactu.fr\/wp-content\/uploads\/2018\/03\/MG_9245.jpg\" alt=\"_MG_9245\" width=\"1800\" height=\"1200\" srcset=\"https:\/\/marommeactu.fr\/wp-content\/uploads\/2018\/03\/MG_9245.jpg 1800w, https:\/\/marommeactu.fr\/wp-content\/uploads\/2018\/03\/MG_9245-300x200.jpg 300w, https:\/\/marommeactu.fr\/wp-content\/uploads\/2018\/03\/MG_9245-768x512.jpg 768w, https:\/\/marommeactu.fr\/wp-content\/uploads\/2018\/03\/MG_9245-1024x683.jpg 1024w, https:\/\/marommeactu.fr\/wp-content\/uploads\/2018\/03\/MG_9245-288x192.jpg 288w, https:\/\/marommeactu.fr\/wp-content\/uploads\/2018\/03\/MG_9245-960x640.jpg 960w, https:\/\/marommeactu.fr\/wp-content\/uploads\/2018\/03\/MG_9245-450x300.jpg 450w\" sizes=\"(max-width: 1800px) 100vw, 1800px\" \/><\/a><\/p>\n<p style=\"text-align: justify;\">\u00c9lus et anciens-combattants mais aussi habitants se sont retrouv\u00e9s ce matin place Jean Jaur\u00e8s pour quelques instants solennels afin de comm\u00e9morer le cessez-le-feu du 19 mars 1962 qui mit fin \u00e0 la guerre d&rsquo;Alg\u00e9rie. Auparavant, un d\u00e9p\u00f4t de fleurs avait d\u00e9j\u00e0 eu lieu au cimeti\u00e8re sur les tombes d&rsquo;anciens soldats \u00ab\u00a0Morts pour la France\u00a0\u00bb durant ce conflit et celui d&rsquo;Indochine. Place Jean Jaur\u00e8s, Roger Chanteloup, pr\u00e9sident du Comit\u00e9 de la FNACA de Maromme, a tenu \u00e0 rendre hommage aux victimes civiles et militaires et \u00e0 rappeler que le devoir de m\u00e9moire doit se transmettre de g\u00e9n\u00e9rations en g\u00e9n\u00e9rations . David Lamiray a ensuite remis la m\u00e9daille de la Croix du Combattant \u00e0 Jean-Pierre Riaux pour ses ann\u00e9es de services sous les drapeaux.<\/p>\n<p style=\"text-align: justify;\"><a href=\"http:\/\/marommeactu.fr\/wp-content\/uploads\/2018\/03\/MG_9262.jpg\"><img loading=\"lazy\" decoding=\"async\" class=\"alignnone size-full wp-image-7952\" src=\"http:\/\/marommeactu.fr\/wp-content\/uploads\/2018\/03\/MG_9262.jpg\" alt=\"_MG_9262\" width=\"1800\" height=\"1200\" srcset=\"https:\/\/marommeactu.fr\/wp-content\/uploads\/2018\/03\/MG_9262.jpg 1800w, https:\/\/marommeactu.fr\/wp-content\/uploads\/2018\/03\/MG_9262-300x200.jpg 300w, https:\/\/marommeactu.fr\/wp-content\/uploads\/2018\/03\/MG_9262-768x512.jpg 768w, https:\/\/marommeactu.fr\/wp-content\/uploads\/2018\/03\/MG_9262-1024x683.jpg 1024w, https:\/\/marommeactu.fr\/wp-content\/uploads\/2018\/03\/MG_9262-288x192.jpg 288w, https:\/\/marommeactu.fr\/wp-content\/uploads\/2018\/03\/MG_9262-960x640.jpg 960w, https:\/\/marommeactu.fr\/wp-content\/uploads\/2018\/03\/MG_9262-450x300.jpg 450w\" sizes=\"(max-width: 1800px) 100vw, 1800px\" \/><\/a><\/p>\n<p style=\"text-align: justify;\">\n<p style=\"text-align: justify;\">\n","protected":false},"excerpt":{"rendered":"<p>\u00c9lus et anciens-combattants mais aussi habitants se sont retrouv\u00e9s ce matin place Jean Jaur\u00e8s pour quelques instants solennels afin de comm\u00e9morer le cessez-le-feu du 19 mars 1962 qui mit fin \u00e0 la guerre d&rsquo;Alg\u00e9rie. Auparavant, un d\u00e9p\u00f4t de fleurs avait d\u00e9j\u00e0 eu lieu au cimeti\u00e8re sur les tombes d&rsquo;anciens soldats \u00ab\u00a0Morts pour la France\u00a0\u00bb durant&#8230; <\/p>\n<div class=\"link-more\"><a href=\"https:\/\/marommeactu.fr\/?p=7948\">En savoir plus<\/a><\/div>\n","protected":false},"author":1,"featured_media":7954,"comment_status":"closed","ping_status":"closed","sticky":false,"template":"","format":"standard","meta":{"footnotes":""},"categories":[4],"tags":[],"_links":{"self":[{"href":"https:\/\/marommeactu.fr\/index.php?rest_route=\/wp\/v2\/posts\/7948"}],"collection":[{"href":"https:\/\/marommeactu.fr\/index.php?rest_route=\/wp\/v2\/posts"}],"about":[{"href":"https:\/\/marommeactu.fr\/index.php?rest_route=\/wp\/v2\/types\/post"}],"author":[{"embeddable":true,"href":"https:\/\/marommeactu.fr\/index.php?rest_route=\/wp\/v2\/users\/1"}],"replies":[{"embeddable":true,"href":"https:\/\/marommeactu.fr\/index.php?rest_route=%2Fwp%2Fv2%2Fcomments&post=7948"}],"version-history":[{"count":2,"href":"https:\/\/marommeactu.fr\/index.php?rest_route=\/wp\/v2\/posts\/7948\/revisions"}],"predecessor-version":[{"id":7955,"href":"https:\/\/marommeactu.fr\/index.php?rest_route=\/wp\/v2\/posts\/7948\/revisions\/7955"}],"wp:featuredmedia":[{"embeddable":true,"href":"https:\/\/marommeactu.fr\/index.php?rest_route=\/wp\/v2\/media\/7954"}],"wp:attachment":[{"href":"https:\/\/marommeactu.fr\/index.php?rest_route=%2Fwp%2Fv2%2Fmedia&parent=7948"}],"wp:term":[{"taxonomy":"category","embeddable":true,"href":"https:\/\/marommeactu.fr\/index.php?rest_route=%2Fwp%2Fv2%2Fcategories&post=7948"},{"taxonomy":"post_tag","embeddable":true,"href":"https:\/\/marommeactu.fr\/index.php?rest_route=%2Fwp%2Fv2%2Ftags&post=7948"}],"curies":[{"name":"wp","href":"https:\/\/api.w.org\/{rel}","templated":true}]}}