{"id":784,"date":"2017-02-02T09:56:26","date_gmt":"2017-02-02T08:56:26","guid":{"rendered":"http:\/\/marommeactu.fr\/?p=784"},"modified":"2017-02-02T09:58:47","modified_gmt":"2017-02-02T08:58:47","slug":"de-jeunes-choristes-a-la-rpa","status":"publish","type":"post","link":"https:\/\/marommeactu.fr\/?p=784","title":{"rendered":"De jeunes choristes \u00e0 la RPA"},"content":{"rendered":"<p>Mardi apr\u00e8s-midi, les enfants des grandes sections des maternelles Th\u00e9r\u00e8ses Delbos et Paul Fort se sont retrouv\u00e9s \u00e0 la r\u00e9sidence pour personnes \u00e2g\u00e9es. A l\u2019initiative de leurs institutrices, Mesdames D\u2019Agoustin et Mazot et de Madame Otavie, Directrice de Paul Fort, une soixantaine de petits ont pr\u00e9sent\u00e9 des chants chorales aux r\u00e9sidents r\u00e9jouits.Cette repr\u00e9sentation, \u00e0 laquelle assistait David Lamiray et plusieurs \u00e9lus, \u00e9tait suivie d\u2019un moment convivial autour d\u2019un go\u00fbter. Ce projet s\u2019int\u00e8gre dans le travail men\u00e9 au sein des classes sur l\u2019interg\u00e9n\u00e9rationnel. Ici, le chant n\u2019est qu\u2019un pr\u00e9texte, tout l\u2019int\u00e9r\u00eat r\u00e9side dans la rencontre. Et la quarantaine de seniors pr\u00e9sents lors de cette rencontre d\u00e9montre le succ\u00e8s d\u2019un tel moment. D\u2019autres rencontres sont d\u00e9j\u00e0 \u00e0 l\u2019\u00e9tude.<\/p>\n<p>&nbsp;<\/p>\n<p><a href=\"http:\/\/marommeactu.fr\/wp-content\/uploads\/2017\/02\/IMG_0026.jpg\"><img loading=\"lazy\" decoding=\"async\" class=\"size-full wp-image-786 aligncenter\" src=\"http:\/\/marommeactu.fr\/wp-content\/uploads\/2017\/02\/IMG_0026.jpg\" alt=\"IMG_0026\" width=\"765\" height=\"510\" srcset=\"https:\/\/marommeactu.fr\/wp-content\/uploads\/2017\/02\/IMG_0026.jpg 765w, https:\/\/marommeactu.fr\/wp-content\/uploads\/2017\/02\/IMG_0026-300x200.jpg 300w, https:\/\/marommeactu.fr\/wp-content\/uploads\/2017\/02\/IMG_0026-288x192.jpg 288w, https:\/\/marommeactu.fr\/wp-content\/uploads\/2017\/02\/IMG_0026-450x300.jpg 450w\" sizes=\"(max-width: 765px) 100vw, 765px\" \/><\/a><\/p>\n","protected":false},"excerpt":{"rendered":"<p>Mardi apr\u00e8s-midi, les enfants des grandes sections des maternelles Th\u00e9r\u00e8ses Delbos et Paul Fort se sont retrouv\u00e9s \u00e0 la r\u00e9sidence pour personnes \u00e2g\u00e9es. A l\u2019initiative de leurs institutrices, Mesdames D\u2019Agoustin et Mazot et de Madame Otavie, Directrice de Paul Fort, une soixantaine de petits ont pr\u00e9sent\u00e9 des chants chorales aux r\u00e9sidents r\u00e9jouits.Cette repr\u00e9sentation, \u00e0 laquelle&#8230; <\/p>\n<div class=\"link-more\"><a href=\"https:\/\/marommeactu.fr\/?p=784\">En savoir plus<\/a><\/div>\n","protected":false},"author":1,"featured_media":785,"comment_status":"closed","ping_status":"closed","sticky":false,"template":"","format":"standard","meta":{"footnotes":""},"categories":[4],"tags":[],"_links":{"self":[{"href":"https:\/\/marommeactu.fr\/index.php?rest_route=\/wp\/v2\/posts\/784"}],"collection":[{"href":"https:\/\/marommeactu.fr\/index.php?rest_route=\/wp\/v2\/posts"}],"about":[{"href":"https:\/\/marommeactu.fr\/index.php?rest_route=\/wp\/v2\/types\/post"}],"author":[{"embeddable":true,"href":"https:\/\/marommeactu.fr\/index.php?rest_route=\/wp\/v2\/users\/1"}],"replies":[{"embeddable":true,"href":"https:\/\/marommeactu.fr\/index.php?rest_route=%2Fwp%2Fv2%2Fcomments&post=784"}],"version-history":[{"count":4,"href":"https:\/\/marommeactu.fr\/index.php?rest_route=\/wp\/v2\/posts\/784\/revisions"}],"predecessor-version":[{"id":790,"href":"https:\/\/marommeactu.fr\/index.php?rest_route=\/wp\/v2\/posts\/784\/revisions\/790"}],"wp:featuredmedia":[{"embeddable":true,"href":"https:\/\/marommeactu.fr\/index.php?rest_route=\/wp\/v2\/media\/785"}],"wp:attachment":[{"href":"https:\/\/marommeactu.fr\/index.php?rest_route=%2Fwp%2Fv2%2Fmedia&parent=784"}],"wp:term":[{"taxonomy":"category","embeddable":true,"href":"https:\/\/marommeactu.fr\/index.php?rest_route=%2Fwp%2Fv2%2Fcategories&post=784"},{"taxonomy":"post_tag","embeddable":true,"href":"https:\/\/marommeactu.fr\/index.php?rest_route=%2Fwp%2Fv2%2Ftags&post=784"}],"curies":[{"name":"wp","href":"https:\/\/api.w.org\/{rel}","templated":true}]}}