{"id":777,"date":"2017-02-01T14:29:54","date_gmt":"2017-02-01T13:29:54","guid":{"rendered":"http:\/\/marommeactu.fr\/?p=777"},"modified":"2017-02-01T14:29:54","modified_gmt":"2017-02-01T13:29:54","slug":"votez-pour-votre-affiche-preferee","status":"publish","type":"post","link":"https:\/\/marommeactu.fr\/?p=777","title":{"rendered":"Votez pour votre affiche pr\u00e9f\u00e9r\u00e9e"},"content":{"rendered":"<div class=\"page\" title=\"Page 17\">\n<div class=\"section\">\n<div class=\"layoutArea\">\n<div class=\"column\">Le concours est lanc\u00e9. Depuis aujourd&rsquo;hui, la m\u00e9diath\u00e8que Le S\u00e9quo\u00efa accueille une exposition d&rsquo;affiches r\u00e9alis\u00e9es par des \u00e9l\u00e8ves des \u00e9coles de la ville. Dans le cadre du Prix Renard&rsquo;eau des familles, un concours d&rsquo;affiches a en effet \u00e9t\u00e9 ouvert aux \u00e9l\u00e8ves de la maternelles \u00e0 la sixi\u00e8me qui donne lieu \u00e0 un vote du public. Chacun est invit\u00e9 \u00e0 mentionner l&rsquo;affiche de son choix (voir modalit\u00e9 de participation \u00e0 la m\u00e9diath\u00e8que).\u00a0 Cette exposition a vocation \u00e0 offrir l&rsquo;occasion \u00e0 chacun de consulter les 6 ouvrages de la se\u0301lection et, pourquoi pas, de participer au prix Renard&rsquo;eau des familles en votant en fin d&rsquo;anne\u0301e.<\/p>\n<div class=\"page\" title=\"Page 17\">\n<div class=\"section\">\n<div class=\"layoutArea\">\n<div class=\"column\">\n<p><strong>Du mercredi 1er au mardi 28 Fe\u0301vrier, \u00e0 la me\u0301diathe\u0300que Le Se\u0301quo\u00efa.<\/strong> <em>Entre\u0301e libre<\/em><\/p>\n<p><em><a href=\"http:\/\/marommeactu.fr\/wp-content\/uploads\/2017\/02\/renardeau.jpg\"><img loading=\"lazy\" decoding=\"async\" class=\"size-full wp-image-778 aligncenter\" src=\"http:\/\/marommeactu.fr\/wp-content\/uploads\/2017\/02\/renardeau.jpg\" alt=\"renardeau\" width=\"900\" height=\"255\" srcset=\"https:\/\/marommeactu.fr\/wp-content\/uploads\/2017\/02\/renardeau.jpg 900w, https:\/\/marommeactu.fr\/wp-content\/uploads\/2017\/02\/renardeau-300x85.jpg 300w, https:\/\/marommeactu.fr\/wp-content\/uploads\/2017\/02\/renardeau-768x218.jpg 768w, https:\/\/marommeactu.fr\/wp-content\/uploads\/2017\/02\/renardeau-600x170.jpg 600w\" sizes=\"(max-width: 900px) 100vw, 900px\" \/><\/a><\/em><\/p>\n<\/div>\n<\/div>\n<\/div>\n<\/div>\n<\/div>\n<\/div>\n<\/div>\n<\/div>\n","protected":false},"excerpt":{"rendered":"<p>Le concours est lanc\u00e9. Depuis aujourd&rsquo;hui, la m\u00e9diath\u00e8que Le S\u00e9quo\u00efa accueille une exposition d&rsquo;affiches r\u00e9alis\u00e9es par des \u00e9l\u00e8ves des \u00e9coles de la ville. Dans le cadre du Prix Renard&rsquo;eau des familles, un concours d&rsquo;affiches a en effet \u00e9t\u00e9 ouvert aux \u00e9l\u00e8ves de la maternelles \u00e0 la sixi\u00e8me qui donne lieu \u00e0 un vote du public&#8230;. <\/p>\n<div class=\"link-more\"><a href=\"https:\/\/marommeactu.fr\/?p=777\">En savoir plus<\/a><\/div>\n","protected":false},"author":1,"featured_media":779,"comment_status":"closed","ping_status":"closed","sticky":false,"template":"","format":"standard","meta":{"footnotes":""},"categories":[4],"tags":[],"_links":{"self":[{"href":"https:\/\/marommeactu.fr\/index.php?rest_route=\/wp\/v2\/posts\/777"}],"collection":[{"href":"https:\/\/marommeactu.fr\/index.php?rest_route=\/wp\/v2\/posts"}],"about":[{"href":"https:\/\/marommeactu.fr\/index.php?rest_route=\/wp\/v2\/types\/post"}],"author":[{"embeddable":true,"href":"https:\/\/marommeactu.fr\/index.php?rest_route=\/wp\/v2\/users\/1"}],"replies":[{"embeddable":true,"href":"https:\/\/marommeactu.fr\/index.php?rest_route=%2Fwp%2Fv2%2Fcomments&post=777"}],"version-history":[{"count":1,"href":"https:\/\/marommeactu.fr\/index.php?rest_route=\/wp\/v2\/posts\/777\/revisions"}],"predecessor-version":[{"id":780,"href":"https:\/\/marommeactu.fr\/index.php?rest_route=\/wp\/v2\/posts\/777\/revisions\/780"}],"wp:featuredmedia":[{"embeddable":true,"href":"https:\/\/marommeactu.fr\/index.php?rest_route=\/wp\/v2\/media\/779"}],"wp:attachment":[{"href":"https:\/\/marommeactu.fr\/index.php?rest_route=%2Fwp%2Fv2%2Fmedia&parent=777"}],"wp:term":[{"taxonomy":"category","embeddable":true,"href":"https:\/\/marommeactu.fr\/index.php?rest_route=%2Fwp%2Fv2%2Fcategories&post=777"},{"taxonomy":"post_tag","embeddable":true,"href":"https:\/\/marommeactu.fr\/index.php?rest_route=%2Fwp%2Fv2%2Ftags&post=777"}],"curies":[{"name":"wp","href":"https:\/\/api.w.org\/{rel}","templated":true}]}}