{"id":640,"date":"2017-01-26T10:52:13","date_gmt":"2017-01-26T09:52:13","guid":{"rendered":"http:\/\/marommeactu.fr\/?p=640"},"modified":"2017-01-26T15:23:58","modified_gmt":"2017-01-26T14:23:58","slug":"51-contrats-partenaires-jeunes-signes","status":"publish","type":"post","link":"https:\/\/marommeactu.fr\/?p=640","title":{"rendered":"51 Contrats Partenaires Jeunes sign\u00e9s"},"content":{"rendered":"<p>Hier soir, le moment \u00e9tait\u00a0 un peu solennel pour les 51 jeunes Marommais venus signer leurs Contrats Partenaires Jeunes \u00e0 la Maison Municipale de la Jeunesse.\u00a0 Entour\u00e9 de son adjointe, Marie-Claude Masurier, et de\u00a0 Brigitte Boucher, <span class=\"st\">responsable du service administratif \u00ab\u00a0Action Sociale\u00a0\u00bb aupr\u00e8s de la Caisse d&rsquo;Allocations Familiales de Seine-Maritime et co-signataire des contrats, David Lamiray a r\u00e9it\u00e9r\u00e9 devant les enfants, les parents et les responsables associatifs pr\u00e9sents l&rsquo;importance de ce dispositif. \u00ab\u00a0<em>Ces Contrats Partenaires Jeunes ont valeur \u00e0 garantir l&rsquo;acc\u00e8s pour tous aux activit\u00e9s sportives, culturelles ou de loisirs.\u00a0\u00bb<\/em> En effet, gr\u00e2ce \u00e0 la participation financi\u00e8re de la Ville et de la Caisse d&rsquo;Allocations Famialiales (aide \u00e0 la licence, \u00e0 l&rsquo;adh\u00e9sion ou \u00e0 l&rsquo;achat d&rsquo;\u00e9quipement), cette ann\u00e9e 51 jeunes Marommais \u00e2g\u00e9s entre 6 et 19 ans pourront ainsi suivre une activit\u00e9 de loisir (sport ou culture). En contrepartie, les enfants et adolescents se sont engag\u00e9s \u00e0 \u00eatre assidus mais aussi \u00e0 participer \u00e0 des actions citoyennes et de solidarit\u00e9 \u00e0 Maromme. Par exemple, certains d&rsquo;entre eux pr\u00eateront mains fortes aux Restos du Coeur ou encore iront mener des actions aupr\u00e8s des r\u00e9sidents du vill\u00e2ge Les Aub\u00e9pins.<\/span><\/p>\n<p>Pour clore cette soir\u00e9e de signatures, les enfants et leurs parents avaient concoct\u00e9 un ap\u00e9ritif pour un moment d&rsquo;\u00e9changes et de convivialit\u00e9.<br \/>\n<strong>Plus d&rsquo;infos sur les Contrats Partenaires Jeunes :<\/strong><br \/>\nChristelle Bastide &#8211; Maison Municipale de la Jeunesse, rue B\u00e9rrub\u00e9 &#8211; 02 32 82 50 36<\/p>\n<p><a href=\"http:\/\/marommeactu.fr\/wp-content\/uploads\/2017\/01\/IMG_0516.jpg\"><img loading=\"lazy\" decoding=\"async\" class=\"alignnone size-full wp-image-641\" src=\"http:\/\/marommeactu.fr\/wp-content\/uploads\/2017\/01\/IMG_0516.jpg\" alt=\"IMG_0516\" width=\"1632\" height=\"1224\" srcset=\"https:\/\/marommeactu.fr\/wp-content\/uploads\/2017\/01\/IMG_0516.jpg 1632w, https:\/\/marommeactu.fr\/wp-content\/uploads\/2017\/01\/IMG_0516-300x225.jpg 300w, https:\/\/marommeactu.fr\/wp-content\/uploads\/2017\/01\/IMG_0516-768x576.jpg 768w, https:\/\/marommeactu.fr\/wp-content\/uploads\/2017\/01\/IMG_0516-1024x768.jpg 1024w, https:\/\/marommeactu.fr\/wp-content\/uploads\/2017\/01\/IMG_0516-400x300.jpg 400w\" sizes=\"(max-width: 1632px) 100vw, 1632px\" \/><\/a> <a href=\"http:\/\/marommeactu.fr\/wp-content\/uploads\/2017\/01\/IMG_0480.jpg\"><img loading=\"lazy\" decoding=\"async\" class=\"alignnone size-full wp-image-642\" src=\"http:\/\/marommeactu.fr\/wp-content\/uploads\/2017\/01\/IMG_0480.jpg\" alt=\"IMG_0480\" width=\"1632\" height=\"1224\" srcset=\"https:\/\/marommeactu.fr\/wp-content\/uploads\/2017\/01\/IMG_0480.jpg 1632w, https:\/\/marommeactu.fr\/wp-content\/uploads\/2017\/01\/IMG_0480-300x225.jpg 300w, https:\/\/marommeactu.fr\/wp-content\/uploads\/2017\/01\/IMG_0480-768x576.jpg 768w, https:\/\/marommeactu.fr\/wp-content\/uploads\/2017\/01\/IMG_0480-1024x768.jpg 1024w, https:\/\/marommeactu.fr\/wp-content\/uploads\/2017\/01\/IMG_0480-400x300.jpg 400w\" sizes=\"(max-width: 1632px) 100vw, 1632px\" \/><\/a><\/p>\n<p><span style=\"border-radius: 2px; text-indent: 20px; width: auto; padding: 0px 4px 0px 0px; text-align: center; font: bold 11px\/20px 'Helvetica Neue',Helvetica,sans-serif; color: #ffffff; background: #bd081c no-repeat scroll 3px 50% \/ 14px 14px; position: absolute; opacity: 1; z-index: 8675309; display: none; cursor: pointer; top: 389px; left: 20px;\">Enregistrer<\/span><\/p>\n<p><span style=\"border-radius: 2px; text-indent: 20px; width: auto; padding: 0px 4px 0px 0px; text-align: center; font: bold 11px\/20px 'Helvetica Neue',Helvetica,sans-serif; color: #ffffff; background: #bd081c no-repeat scroll 3px 50% \/ 14px 14px; position: absolute; opacity: 1; z-index: 8675309; display: none; cursor: pointer; top: 389px; left: 20px;\">Enregistrer<\/span><\/p>\n<p><span style=\"border-radius: 2px; text-indent: 20px; width: auto; padding: 0px 4px 0px 0px; text-align: center; font: bold 11px\/20px 'Helvetica Neue',Helvetica,sans-serif; color: #ffffff; background: #bd081c  no-repeat scroll 3px 50% \/ 14px 14px; position: absolute; opacity: 1; z-index: 8675309; display: none; cursor: pointer; top: 1452px; left: 20px;\">Enregistrer<\/span><\/p>\n","protected":false},"excerpt":{"rendered":"<p>Hier soir, le moment \u00e9tait\u00a0 un peu solennel pour les 51 jeunes Marommais venus signer leurs Contrats Partenaires Jeunes \u00e0 la Maison Municipale de la Jeunesse.\u00a0 Entour\u00e9 de son adjointe, Marie-Claude Masurier, et de\u00a0 Brigitte Boucher, responsable du service administratif \u00ab\u00a0Action Sociale\u00a0\u00bb aupr\u00e8s de la Caisse d&rsquo;Allocations Familiales de Seine-Maritime et co-signataire des contrats, David&#8230; <\/p>\n<div class=\"link-more\"><a href=\"https:\/\/marommeactu.fr\/?p=640\">En savoir plus<\/a><\/div>\n","protected":false},"author":1,"featured_media":653,"comment_status":"closed","ping_status":"closed","sticky":false,"template":"","format":"standard","meta":{"footnotes":""},"categories":[4],"tags":[],"_links":{"self":[{"href":"https:\/\/marommeactu.fr\/index.php?rest_route=\/wp\/v2\/posts\/640"}],"collection":[{"href":"https:\/\/marommeactu.fr\/index.php?rest_route=\/wp\/v2\/posts"}],"about":[{"href":"https:\/\/marommeactu.fr\/index.php?rest_route=\/wp\/v2\/types\/post"}],"author":[{"embeddable":true,"href":"https:\/\/marommeactu.fr\/index.php?rest_route=\/wp\/v2\/users\/1"}],"replies":[{"embeddable":true,"href":"https:\/\/marommeactu.fr\/index.php?rest_route=%2Fwp%2Fv2%2Fcomments&post=640"}],"version-history":[{"count":5,"href":"https:\/\/marommeactu.fr\/index.php?rest_route=\/wp\/v2\/posts\/640\/revisions"}],"predecessor-version":[{"id":654,"href":"https:\/\/marommeactu.fr\/index.php?rest_route=\/wp\/v2\/posts\/640\/revisions\/654"}],"wp:featuredmedia":[{"embeddable":true,"href":"https:\/\/marommeactu.fr\/index.php?rest_route=\/wp\/v2\/media\/653"}],"wp:attachment":[{"href":"https:\/\/marommeactu.fr\/index.php?rest_route=%2Fwp%2Fv2%2Fmedia&parent=640"}],"wp:term":[{"taxonomy":"category","embeddable":true,"href":"https:\/\/marommeactu.fr\/index.php?rest_route=%2Fwp%2Fv2%2Fcategories&post=640"},{"taxonomy":"post_tag","embeddable":true,"href":"https:\/\/marommeactu.fr\/index.php?rest_route=%2Fwp%2Fv2%2Ftags&post=640"}],"curies":[{"name":"wp","href":"https:\/\/api.w.org\/{rel}","templated":true}]}}