{"id":630,"date":"2017-01-25T17:18:13","date_gmt":"2017-01-25T16:18:13","guid":{"rendered":"http:\/\/marommeactu.fr\/?p=630"},"modified":"2017-01-27T12:16:21","modified_gmt":"2017-01-27T11:16:21","slug":"renouveau-de-binche-cest-parti","status":"publish","type":"post","link":"https:\/\/marommeactu.fr\/?p=630","title":{"rendered":"Renouveau de Binche : C&rsquo;est parti !"},"content":{"rendered":"<p>Les premiers engins sont entr\u00e9s en action il y a quelques jours. Entour\u00e9 de sa grande et longue palissade explicative (205 m\u00e8tres de long !), le chantier tant attendu de reconstruction des 134 logements familiaux est enfin lanc\u00e9. Les habitants vont d&rsquo;ailleurs pouvoir le suivre de pr\u00e8s puisque la palissade qui s\u00e9curise le chantier a volontairement \u00e9t\u00e9 ajour\u00e9e par endroit pour permettre d&rsquo;observer les avanc\u00e9es.<br \/>\nComme il l&rsquo;a souvent \u00e9t\u00e9 dit, ce projet con\u00e7u par l&rsquo;agence d&rsquo;architecture Ameller &amp; Dubois traduit toute l&rsquo;ambition attendue pour ce nouveau quartier \u00e9mergent. \u00ab\u00a0<em>Avec un \u00e9quilibre dans la mixit\u00e9 et la typologie d&rsquo;habitat, entre immeubles de tailles variables et maisons de ville, cette op\u00e9ration concilie esth\u00e9tisme, confort et fonctionnalit\u00e9. Ces appartements et maisons familiales, de 2 \u00e0 5 pi\u00e8ces,\u00a0 viennent en lieu et place des trois immeubles d\u2019habitat collectif (132 logements) d\u00e9molis en 2014 et s&rsquo;int\u00e8grent pleinement dans l\u2019environnement existant. L&rsquo;ouverture et le maillage du quartier sur les rues p\u00e9riph\u00e9riques, auxquels s&rsquo;ajoutent un traitement paysager harmonieux et l&rsquo;am\u00e9nagement d&rsquo;une promenade pi\u00e9tonne est-ouest au c\u0153ur des \u00eelots d&rsquo;habitat collectif vont permettre d&rsquo;assurer une coh\u00e9rence territoriale et cr\u00e9er de la fluidit\u00e9 entre les commerces de la rue de Binche, la maison des associations et les logements adjacents<\/em>\u00ab\u00a0. Il s&rsquo;inscrit dans une vaste op\u00e9ration de renouvellement urbain coproduite par Log\u00e9o Seine Estuaire, la M\u00e9tropole Rouen Normandie et la Ville de Maromme. Le chantier devrait s&rsquo;achever en 2019.<\/p>\n<p><a href=\"http:\/\/marommeactu.fr\/wp-content\/uploads\/2017\/01\/IMG_0447.jpg\"><img loading=\"lazy\" decoding=\"async\" class=\"alignnone size-full wp-image-631\" src=\"http:\/\/marommeactu.fr\/wp-content\/uploads\/2017\/01\/IMG_0447.jpg\" alt=\"IMG_0447\" width=\"6631\" height=\"1374\" srcset=\"https:\/\/marommeactu.fr\/wp-content\/uploads\/2017\/01\/IMG_0447.jpg 6631w, https:\/\/marommeactu.fr\/wp-content\/uploads\/2017\/01\/IMG_0447-300x62.jpg 300w, https:\/\/marommeactu.fr\/wp-content\/uploads\/2017\/01\/IMG_0447-768x159.jpg 768w, https:\/\/marommeactu.fr\/wp-content\/uploads\/2017\/01\/IMG_0447-1024x212.jpg 1024w, https:\/\/marommeactu.fr\/wp-content\/uploads\/2017\/01\/IMG_0447-600x124.jpg 600w\" sizes=\"(max-width: 6631px) 100vw, 6631px\" \/><\/a><\/p>\n<p><span style=\"border-radius: 2px; text-indent: 20px; width: auto; padding: 0px 4px 0px 0px; text-align: center; font: bold 11px\/20px 'Helvetica Neue',Helvetica,sans-serif; color: #ffffff; background: #bd081c no-repeat scroll 3px 50% \/ 14px 14px; position: absolute; opacity: 1; z-index: 8675309; display: none; cursor: pointer;\">Enregistrer<\/span><\/p>\n<p><span style=\"border-radius: 2px; text-indent: 20px; width: auto; padding: 0px 4px 0px 0px; text-align: center; font: bold 11px\/20px 'Helvetica Neue',Helvetica,sans-serif; color: #ffffff; background: #bd081c no-repeat scroll 3px 50% \/ 14px 14px; position: absolute; opacity: 1; z-index: 8675309; display: none; cursor: pointer;\">Enregistrer<\/span><\/p>\n<p><span style=\"border-radius: 2px; text-indent: 20px; width: auto; padding: 0px 4px 0px 0px; text-align: center; font: bold 11px\/20px 'Helvetica Neue',Helvetica,sans-serif; color: #ffffff; background: #bd081c no-repeat scroll 3px 50% \/ 14px 14px; position: absolute; opacity: 1; z-index: 8675309; display: none; cursor: pointer;\">Enregistrer<\/span><\/p>\n<p><span style=\"border-radius: 2px; text-indent: 20px; width: auto; padding: 0px 4px 0px 0px; text-align: center; font: bold 11px\/20px 'Helvetica Neue',Helvetica,sans-serif; color: #ffffff; background: #bd081c no-repeat scroll 3px 50% \/ 14px 14px; position: absolute; opacity: 1; z-index: 8675309; display: none; cursor: pointer;\">Enregistrer<\/span><\/p>\n<p><span style=\"border-radius: 2px; text-indent: 20px; width: auto; padding: 0px 4px 0px 0px; text-align: center; font: bold 11px\/20px 'Helvetica Neue',Helvetica,sans-serif; color: #ffffff; background: #bd081c no-repeat scroll 3px 50% \/ 14px 14px; position: absolute; opacity: 1; z-index: 8675309; display: none; cursor: pointer;\">Enregistrer<\/span><\/p>\n<p><span style=\"border-radius: 2px; text-indent: 20px; width: auto; padding: 0px 4px 0px 0px; text-align: center; font: bold 11px\/20px 'Helvetica Neue',Helvetica,sans-serif; color: #ffffff; background: #bd081c  no-repeat scroll 3px 50% \/ 14px 14px; position: absolute; opacity: 1; z-index: 8675309; display: none; cursor: pointer;\">Enregistrer<\/span><\/p>\n","protected":false},"excerpt":{"rendered":"<p>Les premiers engins sont entr\u00e9s en action il y a quelques jours. Entour\u00e9 de sa grande et longue palissade explicative (205 m\u00e8tres de long !), le chantier tant attendu de reconstruction des 134 logements familiaux est enfin lanc\u00e9. Les habitants vont d&rsquo;ailleurs pouvoir le suivre de pr\u00e8s puisque la palissade qui s\u00e9curise le chantier a&#8230; <\/p>\n<div class=\"link-more\"><a href=\"https:\/\/marommeactu.fr\/?p=630\">En savoir plus<\/a><\/div>\n","protected":false},"author":1,"featured_media":667,"comment_status":"closed","ping_status":"closed","sticky":false,"template":"","format":"standard","meta":{"footnotes":""},"categories":[4],"tags":[],"_links":{"self":[{"href":"https:\/\/marommeactu.fr\/index.php?rest_route=\/wp\/v2\/posts\/630"}],"collection":[{"href":"https:\/\/marommeactu.fr\/index.php?rest_route=\/wp\/v2\/posts"}],"about":[{"href":"https:\/\/marommeactu.fr\/index.php?rest_route=\/wp\/v2\/types\/post"}],"author":[{"embeddable":true,"href":"https:\/\/marommeactu.fr\/index.php?rest_route=\/wp\/v2\/users\/1"}],"replies":[{"embeddable":true,"href":"https:\/\/marommeactu.fr\/index.php?rest_route=%2Fwp%2Fv2%2Fcomments&post=630"}],"version-history":[{"count":7,"href":"https:\/\/marommeactu.fr\/index.php?rest_route=\/wp\/v2\/posts\/630\/revisions"}],"predecessor-version":[{"id":669,"href":"https:\/\/marommeactu.fr\/index.php?rest_route=\/wp\/v2\/posts\/630\/revisions\/669"}],"wp:featuredmedia":[{"embeddable":true,"href":"https:\/\/marommeactu.fr\/index.php?rest_route=\/wp\/v2\/media\/667"}],"wp:attachment":[{"href":"https:\/\/marommeactu.fr\/index.php?rest_route=%2Fwp%2Fv2%2Fmedia&parent=630"}],"wp:term":[{"taxonomy":"category","embeddable":true,"href":"https:\/\/marommeactu.fr\/index.php?rest_route=%2Fwp%2Fv2%2Fcategories&post=630"},{"taxonomy":"post_tag","embeddable":true,"href":"https:\/\/marommeactu.fr\/index.php?rest_route=%2Fwp%2Fv2%2Ftags&post=630"}],"curies":[{"name":"wp","href":"https:\/\/api.w.org\/{rel}","templated":true}]}}