{"id":4001,"date":"2018-03-14T16:11:23","date_gmt":"2018-03-14T15:11:23","guid":{"rendered":"http:\/\/marommeactu.fr\/?p=4001"},"modified":"2021-08-25T13:56:17","modified_gmt":"2021-08-25T11:56:17","slug":"le-festival-les-gourmen-scene-devoile-son-programme","status":"publish","type":"post","link":"https:\/\/marommeactu.fr\/?p=4001","title":{"rendered":"Le festival \u00ab\u00a0Les Gourm&rsquo;en Sc\u00e8ne\u00a0\u00bb d\u00e9voile son programme"},"content":{"rendered":"<p style=\"text-align: justify;\"><a href=\"http:\/\/marommeactu.fr\/wp-content\/uploads\/2018\/03\/AfficheGourmenscene.jpg\"><img loading=\"lazy\" decoding=\"async\" class=\"alignnone size-large wp-image-4008\" src=\"http:\/\/marommeactu.fr\/wp-content\/uploads\/2018\/03\/AfficheGourmenscene-724x1024.jpg\" alt=\"AfficheGourmenscene\" width=\"724\" height=\"1024\" srcset=\"https:\/\/marommeactu.fr\/wp-content\/uploads\/2018\/03\/AfficheGourmenscene-724x1024.jpg 724w, https:\/\/marommeactu.fr\/wp-content\/uploads\/2018\/03\/AfficheGourmenscene-212x300.jpg 212w, https:\/\/marommeactu.fr\/wp-content\/uploads\/2018\/03\/AfficheGourmenscene-768x1086.jpg 768w, https:\/\/marommeactu.fr\/wp-content\/uploads\/2018\/03\/AfficheGourmenscene.jpg 842w\" sizes=\"(max-width: 724px) 100vw, 724px\" \/><\/a><\/p>\n<p style=\"text-align: justify;\">La troupe <em>Les Gourm&rsquo;en disent<\/em> organise la premi\u00e8re \u00e9dition du festival de th\u00e9\u00e2tre amateur <em>Les Gourm&rsquo;en Sc\u00e8ne<\/em>. Celui-ci se d\u00e9roulera les 13, 14 et 15 avril prochain \u00e0 l&rsquo;espace culturel Beaumarchais sous le parrainage du com\u00e9dien Alexis Desseaux. Pendant trois jours, sept troupes normandes et d&rsquo;ailleurs se produiront sur les planches pour partager avec le public leur plaisir de la sc\u00e8ne et des textes. Il y a quelques jours, les organisateurs ont lev\u00e9 le rideau sur la programmation. R\u00e9servez d\u00e8s \u00e0 pr\u00e9sent votre week-end.<\/p>\n<p style=\"text-align: justify;\">\n<p style=\"text-align: justify;\"><strong>VENDREDI 13 AVRIL<\/strong><\/p>\n<p>20h15 &#8211; <strong>LANCEMENT OFFICIEL DU FESTIVAL<\/strong><\/p>\n<p>20h30 &#8211; <strong>MAMMA MIA\u00a0<\/strong>\u00a0\u00a0 2h (entracte de 15 mn)<br \/>\nCom\u00e9die Musicale, adaptation th\u00e9\u00e2trale du c\u00e9l\u00e8bre show<br \/>\n<em>\u00a0La p\u2019tite r\u00e9cr\u00e9 (Grand-Quevilly)<\/em><\/p>\n<p style=\"text-align: justify;\"><a href=\"http:\/\/marommeactu.fr\/wp-content\/uploads\/2018\/03\/mama.jpg\"><img loading=\"lazy\" decoding=\"async\" class=\"alignnone size-medium wp-image-4004\" src=\"http:\/\/marommeactu.fr\/wp-content\/uploads\/2018\/03\/mama-300x200.jpg\" alt=\"mama\" width=\"300\" height=\"200\" srcset=\"https:\/\/marommeactu.fr\/wp-content\/uploads\/2018\/03\/mama-300x200.jpg 300w, https:\/\/marommeactu.fr\/wp-content\/uploads\/2018\/03\/mama-768x512.jpg 768w, https:\/\/marommeactu.fr\/wp-content\/uploads\/2018\/03\/mama-1024x683.jpg 1024w, https:\/\/marommeactu.fr\/wp-content\/uploads\/2018\/03\/mama-288x192.jpg 288w, https:\/\/marommeactu.fr\/wp-content\/uploads\/2018\/03\/mama-960x640.jpg 960w, https:\/\/marommeactu.fr\/wp-content\/uploads\/2018\/03\/mama-450x300.jpg 450w\" sizes=\"(max-width: 300px) 100vw, 300px\" \/><\/a><br \/>\nC\u2019est sur une ravissante \u00eele grecque que l\u2019aventure romantique commence, dans un h\u00f4tel m\u00e9diterran\u00e9en isol\u00e9, la villa Donna, tenu par Donna, sa fille Sophie et le fianc\u00e9 de Sophie, Sky. Juste \u00e0 temps pour son mariage prochain, Sophie poste nerveusement trois invitations destin\u00e9es \u00e0 trois hommes bien diff\u00e9rents dont elle pense que l\u2019un d\u2019eux est son p\u00e8re. De trois points du globe, trois hommes s\u2019appr\u00eatent \u00e0 retourner sur l\u2019\u00eele &#8211; et vers la femme &#8211; qui les avait enchant\u00e9s 20 ans auparavant&#8230;<\/p>\n<hr \/>\n<p style=\"text-align: justify;\">\n<strong>SAMEDI 14 AVRIL<br \/>\n<\/strong><br \/>\n14h &#8211; <strong>FARIBOLES DINGUES<\/strong>\u00a0\u00a0 \u00a0\u00a0\u00a0 \u00a055 mn<br \/>\nCom\u00e9die absurde, cr\u00e9ation d\u2019Alain Flahaut<br \/>\n<em>\u00a0Les Gourm\u2019en Disent (Maromme)<\/em><\/p>\n<p style=\"text-align: justify;\"><a href=\"http:\/\/marommeactu.fr\/wp-content\/uploads\/2018\/03\/fari.jpg\"><img loading=\"lazy\" decoding=\"async\" class=\"alignnone size-medium wp-image-4009\" src=\"http:\/\/marommeactu.fr\/wp-content\/uploads\/2018\/03\/fari-300x225.jpg\" alt=\"fari\" width=\"300\" height=\"225\" srcset=\"https:\/\/marommeactu.fr\/wp-content\/uploads\/2018\/03\/fari-300x225.jpg 300w, https:\/\/marommeactu.fr\/wp-content\/uploads\/2018\/03\/fari-768x576.jpg 768w, https:\/\/marommeactu.fr\/wp-content\/uploads\/2018\/03\/fari.jpg 960w, https:\/\/marommeactu.fr\/wp-content\/uploads\/2018\/03\/fari-400x300.jpg 400w\" sizes=\"(max-width: 300px) 100vw, 300px\" \/><\/a><br \/>\n\u00abElle\u00bb voudrait le rencontrer, exister \u00e0 ses yeux. \u00abLui\u00bb, il n\u2019est pas contre l\u2019id\u00e9e de faire sa connaissance. \u00abOn\u00bb, sous ses airs d\u2019\u00eatre loufoque et excentrique,\u00a0 qui est-ce ? Une entit\u00e9 virtuelle, une rumeur, une connexion, un c\u00e9l\u00e8bre r\u00e9seau social, un dieu, les deux \u00e0 la fois ? \u00abOn\u00bb va tout tenter, de fa\u00e7on parfois l\u00e9g\u00e8re, parfois insipide, pour les mettre en relation. Pendant pr\u00e8s d\u2019une heure, ces trois personnages vont partager, \u00e9changer, communiquer. Sans se voir, sans vraiment se connaitre. C\u2019est une farce facebookienne qui, en mettant un visage sur ce \u00abOn\u00bb, va rendre d\u00e9cal\u00e9e, d\u00e9cadente, d\u00e9jant\u00e9e, d\u00e9lirante, la belle histoire de ce couple\u00a0 moderne ? C\u2019est si compliqu\u00e9 de faire connaissance au XXI\u00e8me Si\u00e8cle. Et si les r\u00e9seaux sociaux n\u2019avaient pas exist\u00e9 ?<\/p>\n<p>16h &#8211; <strong>L\u2019HIVER SOUS LA TABLE<\/strong>\u00a0\u00a0 \u00a01h20<br \/>\nCom\u00e9die dramatique de Roland Topor<br \/>\n<em>Continents Com\u00e9diens (Saint-L\u00e9ger du Bourg Denis)<\/em><\/p>\n<p style=\"text-align: justify;\"><a href=\"http:\/\/marommeactu.fr\/wp-content\/uploads\/2018\/03\/hiver2.jpg\"><img loading=\"lazy\" decoding=\"async\" class=\"alignnone size-medium wp-image-4006\" src=\"http:\/\/marommeactu.fr\/wp-content\/uploads\/2018\/03\/hiver2-300x200.jpg\" alt=\"hiver2\" width=\"300\" height=\"200\" srcset=\"https:\/\/marommeactu.fr\/wp-content\/uploads\/2018\/03\/hiver2-300x200.jpg 300w, https:\/\/marommeactu.fr\/wp-content\/uploads\/2018\/03\/hiver2-768x512.jpg 768w, https:\/\/marommeactu.fr\/wp-content\/uploads\/2018\/03\/hiver2-288x192.jpg 288w, https:\/\/marommeactu.fr\/wp-content\/uploads\/2018\/03\/hiver2.jpg 960w, https:\/\/marommeactu.fr\/wp-content\/uploads\/2018\/03\/hiver2-450x300.jpg 450w\" sizes=\"(max-width: 300px) 100vw, 300px\" \/><\/a><br \/>\nFlorence, une jeune traductrice aux revenus modestes, sous-loue, dans l\u2019appartement qu\u2019elle habite \u00e0 Paris, le dessous de sa table de travail, \u00e0 Dragomir, un jeune immigr\u00e9 d\u2019Europe Centrale, sans domicile fixe, logement plut\u00f4t exigu, o\u00f9 il vit accroupi. Florence s\u2019acharne sur la traduction en fran\u00e7ais d\u2019un roman de Zolozol, l\u2019auteur compatriote de Dragomir dont les mots et l\u2019expression sont intraduisibles. Dragomir r\u00e9pare des chaussures \u00e0 grands coups de marteau en chantant des airs traditionnels d\u2019Europe Centrale. L\u2019arriv\u00e9e dans leur univers harmonieux en d\u00e9pit des apparences, d\u2019abord de Raymonde, l\u2019amie de Florence ; puis d\u2019un second immigr\u00e9, Gritzka, musicien et cousin de Dragomir ; et enfin de Marc, l\u2019\u00e9diteur de Florence, va bouleverser le modus vivendi jusqu\u2019au surprenant d\u00e9nouement final.<\/p>\n<p>19h30 &#8211; <strong>TRONCHES DE VIES\u00a0\u00a0<\/strong> \u00a045 mn<br \/>\nCom\u00e9die, cr\u00e9ation de Fr\u00e9d\u00e9ric Lacoste<br \/>\n<em>\u00a0La Matrone (Brest)<\/em><\/p>\n<p style=\"text-align: justify;\"><a href=\"http:\/\/marommeactu.fr\/wp-content\/uploads\/2018\/03\/cid_2daa4973-a29a-a761-67cf-bac64fafc2e9@yahoo.jpg\"><img loading=\"lazy\" decoding=\"async\" class=\"alignnone size-medium wp-image-4005\" src=\"http:\/\/marommeactu.fr\/wp-content\/uploads\/2018\/03\/cid_2daa4973-a29a-a761-67cf-bac64fafc2e9@yahoo-300x198.jpg\" alt=\"!cid_2daa4973-a29a-a761-67cf-bac64fafc2e9@yahoo\" width=\"300\" height=\"198\" srcset=\"https:\/\/marommeactu.fr\/wp-content\/uploads\/2018\/03\/cid_2daa4973-a29a-a761-67cf-bac64fafc2e9@yahoo-300x198.jpg 300w, https:\/\/marommeactu.fr\/wp-content\/uploads\/2018\/03\/cid_2daa4973-a29a-a761-67cf-bac64fafc2e9@yahoo-768x508.jpg 768w, https:\/\/marommeactu.fr\/wp-content\/uploads\/2018\/03\/cid_2daa4973-a29a-a761-67cf-bac64fafc2e9@yahoo-454x300.jpg 454w, https:\/\/marommeactu.fr\/wp-content\/uploads\/2018\/03\/cid_2daa4973-a29a-a761-67cf-bac64fafc2e9@yahoo.jpg 800w\" sizes=\"(max-width: 300px) 100vw, 300px\" \/><\/a><br \/>\nApr\u00e8s avoir h\u00e9rit\u00e9 de leur tante, deux gar\u00e7ons vivent ensemble avec leur petites manies dans un quotidien ritualis\u00e9 qui les rend touchants. Michel, surdou\u00e9 polyglotte fascin\u00e9 par le fichage et Teddy le bon gros gentil, na\u00eff et s\u00e9ducteur. Cette histoire c\u2019est d\u2019abord une ambiance, un univers&#8230;<\/p>\n<p>21h30 &#8211; <strong>LES TROIS SOEURS JACQUES\u00a0\u00a0<\/strong> \u00a01h<br \/>\nCom\u00e9die, d\u2019apr\u00e8s l\u2019\u0153uvre d\u2019Elisabeth Mazev<br \/>\n<em>\u00a0Th\u00e9\u00e2tre de l\u2019Impossible (Le Havre)<\/em><\/p>\n<p style=\"text-align: justify;\"><a href=\"http:\/\/marommeactu.fr\/wp-content\/uploads\/2018\/03\/les-3-soeurs-jacques.jpg\"><img loading=\"lazy\" decoding=\"async\" class=\"alignnone size-medium wp-image-4007\" src=\"http:\/\/marommeactu.fr\/wp-content\/uploads\/2018\/03\/les-3-soeurs-jacques-300x199.jpg\" alt=\"les 3 soeurs jacques\" width=\"300\" height=\"199\" srcset=\"https:\/\/marommeactu.fr\/wp-content\/uploads\/2018\/03\/les-3-soeurs-jacques-300x199.jpg 300w, https:\/\/marommeactu.fr\/wp-content\/uploads\/2018\/03\/les-3-soeurs-jacques-288x192.jpg 288w, https:\/\/marommeactu.fr\/wp-content\/uploads\/2018\/03\/les-3-soeurs-jacques-453x300.jpg 453w, https:\/\/marommeactu.fr\/wp-content\/uploads\/2018\/03\/les-3-soeurs-jacques.jpg 500w\" sizes=\"(max-width: 300px) 100vw, 300px\" \/><\/a><br \/>\nDe quoi veulent-elles parler ces 6 com\u00e9diennes dans leur prochaine cr\u00e9ation ? Chacune a son id\u00e9e, f\u00e9tiche, essentielle, insistante et saugrenue. Une auteure est convi\u00e9e, un metteur en sc\u00e8ne est d\u00e9sign\u00e9, le th\u00e9\u00e2tre peut commencer&#8230; Une farce s\u2019annonce dr\u00f4le et crue, baroque, d\u00e9cousue, grin\u00e7ante et \u00e9mouvante&#8230; du grand guignol !\u00a0\u00a0\u00a0\u00a0\u00a0\u00a0\u00a0\u00a0 D\u00e9conseill\u00e9 -12 ans<\/p>\n<p style=\"text-align: justify;\">\n<strong>DIMANCHE 15 AVRIL<br \/>\n<\/strong><br \/>\n14h &#8211; <strong>PEEPSHOW DANS LES ALPES\u00a0<\/strong>\u00a0 \u00a0 1h10<br \/>\nCom\u00e9die de Markus K\u00f6beli<br \/>\n<em>\u00a0Th\u00e9\u00e2tre d\u2019en Haut (Rouen)<\/em><\/p>\n<p style=\"text-align: justify;\"><a href=\"http:\/\/marommeactu.fr\/wp-content\/uploads\/2018\/03\/PEEP-SHOW-2.jpg\"><img loading=\"lazy\" decoding=\"async\" class=\"alignnone size-medium wp-image-4003\" src=\"http:\/\/marommeactu.fr\/wp-content\/uploads\/2018\/03\/PEEP-SHOW-2-300x167.jpg\" alt=\"PEEP SHOW (2)\" width=\"300\" height=\"167\" srcset=\"https:\/\/marommeactu.fr\/wp-content\/uploads\/2018\/03\/PEEP-SHOW-2-300x167.jpg 300w, https:\/\/marommeactu.fr\/wp-content\/uploads\/2018\/03\/PEEP-SHOW-2-538x300.jpg 538w, https:\/\/marommeactu.fr\/wp-content\/uploads\/2018\/03\/PEEP-SHOW-2.jpg 724w\" sizes=\"(max-width: 300px) 100vw, 300px\" \/><\/a><br \/>\nUn village ordinaire. Une famille banale : un p\u00e8re, une m\u00e8re, une fille, un gar\u00e7on, un grand-p\u00e8re quasi centenaire, une vache. De vrais gens. Ici, les touristes ne font que s\u2019arr\u00eater pour se d\u00e9gourdir les jambes et se soulager avant d\u2019atteindre les sommets neigeux o\u00f9 merveilles, curiosit\u00e9s, sp\u00e9cialit\u00e9s et professionnels du tourisme les attendent. Comment survivre, isol\u00e9 au milieu des Alpages. Le fils entrevoit la solution et propose \u00e0 la famille de jouer pour les touristes des sc\u00e8nes \u00ab typiques de la vie paysanne \u00bb. Faute de r\u00e9pertoire, on aura recours \u00e0 \u00abHeidi\u00bb et de trac en truc, on triche pour gagner plus.<\/p>\n<p>16h15 &#8211;<strong> CELIBATAIRES\u00a0\u00a0\u00a0 <\/strong>1h15<br \/>\nCom\u00e9die romantique de David Foenkinos<br \/>\n<em>\u00a0TRAC (Cr\u00e9teil)<\/em><\/p>\n<p style=\"text-align: justify;\"><a href=\"http:\/\/marommeactu.fr\/wp-content\/uploads\/2018\/03\/Celib-4.jpg\"><img loading=\"lazy\" decoding=\"async\" class=\"alignnone size-medium wp-image-4002\" src=\"http:\/\/marommeactu.fr\/wp-content\/uploads\/2018\/03\/Celib-4-300x225.jpg\" alt=\"Celib-4\" width=\"300\" height=\"225\" srcset=\"https:\/\/marommeactu.fr\/wp-content\/uploads\/2018\/03\/Celib-4-300x225.jpg 300w, https:\/\/marommeactu.fr\/wp-content\/uploads\/2018\/03\/Celib-4-768x576.jpg 768w, https:\/\/marommeactu.fr\/wp-content\/uploads\/2018\/03\/Celib-4-1024x768.jpg 1024w, https:\/\/marommeactu.fr\/wp-content\/uploads\/2018\/03\/Celib-4-400x300.jpg 400w, https:\/\/marommeactu.fr\/wp-content\/uploads\/2018\/03\/Celib-4.jpg 1600w\" sizes=\"(max-width: 300px) 100vw, 300px\" \/><\/a><br \/>\nSylvie, Michel, employ\u00e9s d\u2019une agence matrimoniale. Tant d\u2019ann\u00e9es \u00e0 rendre les gens heureux.<br \/>\nSylvie : \u00abQu\u2019est-ce que tu veux, avec Internet les gens se connectent entre eux maintenant, nous on ne sert plus \u00e0 rien\u00bb.<br \/>\nMais eux justement, o\u00f9 en sont-ils ? A toujours s\u2019occuper du bonheur des autres, n\u2019oublie t\u2019on pas quelque fois de s\u2019occuper de soi ? Com\u00e9die d\u2019humeur, d\u2019humour et de fantaisie o\u00f9 nous sommes invit\u00e9s \u00e0 une r\u00e9flexion sur l\u2019amour et son cort\u00e8ge de sentiments et d\u2019\u00e9motions m\u00eal\u00e9s. Le mariage, le divorce, le d\u00e9sir, le couple, la solitude et m\u00eame l\u2019angoisse du bonheur ! Rien que de l\u2019humain quoi !<\/p>\n<p>17h30 &#8211; <strong>Cl\u00f4ture du festival<\/strong><\/p>\n<p style=\"text-align: justify;\">\n<p style=\"text-align: justify;\"><strong>Tarifs :<\/strong><br \/>\nPrix unitaire :\u00a0 Mamma Mia\u00a0 :\u00a0 8\u20ac\u00a0 \/ Autres spectacles\u00a0 : \u00a0 5\u20ac<br \/>\nPass Festival avec Mamma Mia\u00a0 : 20\u20ac \/ Pass Festival sans Mamma Mia\u00a0\u00a0 \u00a014\u20ac<\/p>\n<p style=\"text-align: justify;\"><strong>Billetterie :<br \/>\n<\/strong><em>En ligne sur le site :\u00a0<\/em> <a href=\"https:\/\/www.helloasso.com\/associations\/les-gourm-en-disent\/evenements\/les-gourm-en-scene-2018\">Festival Les Gourm&rsquo;en Sc\u00e8ne &#8211; Maromme<\/a><br \/>\n<em>Au guichet de l\u2019Espace Beaumarchais<\/em> : Lundi, Mardi, Jeudi : de 16h \u00e0 18h. Mercredi : de 10h \u00e0 12h, de 15h \u00e0 18h.<\/p>\n<p style=\"text-align: justify;\"><strong><a href=\"http:\/\/marommeactu.fr\/wp-content\/uploads\/2018\/03\/Depliant3Volets.pdf\">T\u00e9l\u00e9charger le d\u00e9pliant\/programme<\/a><\/strong><\/p>\n","protected":false},"excerpt":{"rendered":"<p>La troupe Les Gourm&rsquo;en disent organise la premi\u00e8re \u00e9dition du festival de th\u00e9\u00e2tre amateur Les Gourm&rsquo;en Sc\u00e8ne. Celui-ci se d\u00e9roulera les 13, 14 et 15 avril prochain \u00e0 l&rsquo;espace culturel Beaumarchais sous le parrainage du com\u00e9dien Alexis Desseaux. Pendant trois jours, sept troupes normandes et d&rsquo;ailleurs se produiront sur les planches pour partager avec le&#8230; <\/p>\n<div class=\"link-more\"><a href=\"https:\/\/marommeactu.fr\/?p=4001\">En savoir plus<\/a><\/div>\n","protected":false},"author":1,"featured_media":4008,"comment_status":"closed","ping_status":"closed","sticky":false,"template":"","format":"standard","meta":{"footnotes":""},"categories":[4,5],"tags":[],"_links":{"self":[{"href":"https:\/\/marommeactu.fr\/index.php?rest_route=\/wp\/v2\/posts\/4001"}],"collection":[{"href":"https:\/\/marommeactu.fr\/index.php?rest_route=\/wp\/v2\/posts"}],"about":[{"href":"https:\/\/marommeactu.fr\/index.php?rest_route=\/wp\/v2\/types\/post"}],"author":[{"embeddable":true,"href":"https:\/\/marommeactu.fr\/index.php?rest_route=\/wp\/v2\/users\/1"}],"replies":[{"embeddable":true,"href":"https:\/\/marommeactu.fr\/index.php?rest_route=%2Fwp%2Fv2%2Fcomments&post=4001"}],"version-history":[{"count":1,"href":"https:\/\/marommeactu.fr\/index.php?rest_route=\/wp\/v2\/posts\/4001\/revisions"}],"predecessor-version":[{"id":4011,"href":"https:\/\/marommeactu.fr\/index.php?rest_route=\/wp\/v2\/posts\/4001\/revisions\/4011"}],"wp:featuredmedia":[{"embeddable":true,"href":"https:\/\/marommeactu.fr\/index.php?rest_route=\/wp\/v2\/media\/4008"}],"wp:attachment":[{"href":"https:\/\/marommeactu.fr\/index.php?rest_route=%2Fwp%2Fv2%2Fmedia&parent=4001"}],"wp:term":[{"taxonomy":"category","embeddable":true,"href":"https:\/\/marommeactu.fr\/index.php?rest_route=%2Fwp%2Fv2%2Fcategories&post=4001"},{"taxonomy":"post_tag","embeddable":true,"href":"https:\/\/marommeactu.fr\/index.php?rest_route=%2Fwp%2Fv2%2Ftags&post=4001"}],"curies":[{"name":"wp","href":"https:\/\/api.w.org\/{rel}","templated":true}]}}