{"id":3967,"date":"2018-03-13T10:16:12","date_gmt":"2018-03-13T09:16:12","guid":{"rendered":"http:\/\/marommeactu.fr\/?p=3967"},"modified":"2018-03-13T10:43:41","modified_gmt":"2018-03-13T09:43:41","slug":"soiree-speciale-courts-metrages-darchives-normandes","status":"publish","type":"post","link":"https:\/\/marommeactu.fr\/?p=3967","title":{"rendered":"Soir\u00e9e sp\u00e9ciale \u00ab\u00a0Courts-m\u00e9trages\u00a0\u00bb d&rsquo;archives normandes"},"content":{"rendered":"<p><a href=\"http:\/\/marommeactu.fr\/wp-content\/uploads\/2018\/03\/affiche.jpg\"><img loading=\"lazy\" decoding=\"async\" class=\"alignnone size-full wp-image-3968\" src=\"http:\/\/marommeactu.fr\/wp-content\/uploads\/2018\/03\/affiche.jpg\" alt=\"affiche\" width=\"1273\" height=\"1800\" srcset=\"https:\/\/marommeactu.fr\/wp-content\/uploads\/2018\/03\/affiche.jpg 1273w, https:\/\/marommeactu.fr\/wp-content\/uploads\/2018\/03\/affiche-212x300.jpg 212w, https:\/\/marommeactu.fr\/wp-content\/uploads\/2018\/03\/affiche-768x1086.jpg 768w, https:\/\/marommeactu.fr\/wp-content\/uploads\/2018\/03\/affiche-724x1024.jpg 724w\" sizes=\"(max-width: 1273px) 100vw, 1273px\" \/><\/a><\/p>\n<p><strong>Le jeudi 22 mars prochain, Normandie Images propose \u00e0 l&rsquo;espace Beaumarchais la projection de plusieurs courts-m\u00e9trages issus d&rsquo;archives normandes parmi lesquels figurent notamment les festivit\u00e9s du jumelage entre Binche et Maromme. Une occasion pour l&rsquo;association de lancer un appel aux images d&rsquo;archives personnelles<\/strong><\/p>\n<p>Au sein de Normandie Images, La M\u00e9moire Audiovisuelle a pour mission d&rsquo;assurer la sauvegarde et la valorisation d&rsquo;archives et documents audiovisuels du patrimoine, professionnel et amateur, ayant pour th\u00e9matique ou pour cadre la Normandie. Elle oeuvre \u00e0 retrouver et faire d\u00e9couvrir, notamment par le biais des films qualifi\u00e9s d\u2019In\u00e9dits (non destin\u00e9s \u00e0 l\u2019origine \u00e0 une diffusion dans les circuits professionnels de l\u2019audiovisuel) une m\u00e9moire collective \u00e0 travers ces documents retra\u00e7ant des \u00e9v\u00e9nements de la vie locale (les cin\u00e9astes amateurs \u00e9tant pendant longtemps les seuls pourvoyeurs d\u2019images r\u00e9gionales avant l\u2019existence des cha\u00eenes de t\u00e9l\u00e9vision). C&rsquo;est dans cet esprit qu&rsquo;elle organise en partenariat avec la Ville de Maromme une soir\u00e9e sp\u00e9ciale autour d&rsquo;une pr\u00e9sentation de son projet \u00ab\u00a0Je me souviens\u00a0\u00bb, de projection de courts-m\u00e9trages et d&rsquo;\u00e9changes avec le public.<br \/>\nL&rsquo;entr\u00e9e est gratuite.<\/p>\n<p><strong>Collecte d&rsquo;archives<\/strong><br \/>\n\u00c0 cette occasion, La M\u00e9moire audiovisuelle lance un appel au public : Si vous avez en votre possession, des films en 9,5 mm, 8mm, Super8, 16 mm, n\u2019h\u00e9sitez pas \u00e0 prendre contact avec notre service par t\u00e9l\u00e9phone au 02 35 89 12 50, ou par mail christellelanglois@normandieimages.fr .<br \/>\nNous conviendrons d\u2019un rendez-vous pour visionner ensemble vos films, vous expliquer nos missions, les types de d\u00e9p\u00f4t, avantages de la conservation sur place. Suite \u00e0 ce rendez-vous, les films retenus seront num\u00e9ris\u00e9s et un DVD (ou fichier num\u00e9rique) vous sera remis.<\/p>\n<p><strong>Soir\u00e9e \u00ab\u00a0Je me souviens\u00a0\u00bb Projection de neuf courts-m\u00e9trages<\/strong><br \/>\n<strong>Jeudi 22 mars 19h30 \u00e0 l&rsquo;espace culturel Beaumarchais <\/strong><br \/>\n<strong>Entr\u00e9e gratuite &#8211; www.poleimagehn.com<\/strong><\/p>\n<p>PROGRAMME :<\/p>\n<p><strong>COMMUNION A MAROMME<\/strong> \u2013 1942 de Rapha\u00ebl Savin \u2013<br \/>\nFamille et communiante devant la cam\u00e9ra pour fixer ce jour de f\u00eate. On pose devant une maison impasse des Moulins, puis sur le pont de Maromme\u2026<\/p>\n<p><strong>MADAME H<\/strong> \u2013 2010 de Jean-Marie Chatelier &#8211; Production : I Love LH<br \/>\n\u2013 clip de pr\u00e9sentation du cin\u00e9-concert<br \/>\nJean-Marie Chatelier, r\u00e9alisateur havrais, rencontrait en 2009 Madame H, et tombait sous le charme de cette patiente de l\u2019H\u00f4pital Pasteur. Cette \u00ab petite f\u00e9e vaporeuse \u00bb allait longtemps lui rester en m\u00e9moire, jusqu\u2019\u00e0 devenir le personnage principal d\u2019un cin\u00e9-concert cr\u00e9\u00e9 \u00e0 base d\u2019images d\u2019archives issues de la M\u00e9moire Audiovisuelle du P\u00f4le Image Haute-Normandie. Accompagn\u00e9 par les musiciens de A\u00f1a qui r\u00e9alisent la bande son, Jean-Marie Chatelier rend hommage \u00e0 la vieille femme. Mais \u00e0 travers elle, c\u2019est aussi un portrait du Havre qu\u2019il dresse.<\/p>\n<p><strong>PORTRAIT DE CINEASTE<\/strong> \u2013 2011 \u2013 r\u00e9alisation et production P\u00f4le Image Haute-Normandie<br \/>\nOuvrier syndicaliste au Havre, Albert Perrot r\u00e9alise en mai 1968, un rare t\u00e9moignage film\u00e9 sur le d\u00e9roul\u00e9 des \u00e9v\u00e8nements. Lors de son portrait, il revient sur cette p\u00e9riode.<\/p>\n<p><strong>JE ME SOUVIENS DIEPPE\/RALLYE<\/strong> &#8211; r\u00e9alisation et production P\u00f4le Image Haute-Normandie<br \/>\nClip pour promouvoir le film amateur diffus\u00e9 en salle de cin\u00e9ma de la r\u00e9gion.<\/p>\n<p><strong>LE PASSE RECOMPOSE <\/strong>&#8211; 2007 &#8211; R\u00e9alisation : Olivier Brunet et Christian Cl\u00e8res &#8211; Production : Antoine Martin Productions<br \/>\nUn homme re\u00e7oit en h\u00e9ritage une bo\u00eete remplie de bobines de films. Au d\u00e9but, incr\u00e9dule, il regarde ces images sans rien comprendre ni de la vie des gens dont il observe des gestes, ni le sens de ce legs. A la fin, \u00e0 force d\u2019observation, il comprend que ces images racontent d\u2019abord une histoire la sienne.<br \/>\nPassage des 3 premiers \u00e9pisodes<\/p>\n<p><strong>DEFILE DU 14 JUILLET A MAROMME<\/strong> \u2013 1980 de Ren\u00e9 Pelletier \u2013<br \/>\nD\u00e9ambulation de majorettes et chars fleuris dans les rues de la ville pour aboutir sur un spectacle des marinettes en patins \u00e0 roulettes sur le stade. Le public est au rendez-vous.<\/p>\n<p><strong>REGARD CAMERA<\/strong> \u2013 une vision in\u00e9dite du portrait dans le cin\u00e9ma amateur \u2013 2016<br \/>\nClip de pr\u00e9sentation de la Cin\u00e9-Exposition, dans le cadre du Festival Normandie Impressionniste, P\u00f4le R\u00e9gional des Savoirs, Rouen<br \/>\n+<br \/>\n<strong>REGARD CAMERA : LE TRAVAIL<\/strong> \u2013 2016 \u2013 r\u00e9alisation et production P\u00f4le Image Haute-Normandie<br \/>\nDiffusion lors de la Cin\u00e9-exposition \u00ab Regard Cam\u00e9ra \u00bb une vision in\u00e9dite du portrait dans le cin\u00e9ma amateur.<\/p>\n<p><strong>JUMELAGE ENTRE LES VILLE DE BINCHE ET MAROMME<\/strong> \u2013 1964 de Andr\u00e9 Mabriez<br \/>\nRassemblement et lev\u00e9 de drapeaux sur la place de la mairie. Discours de M. Le maire Paul Vauquelin \u2013 D\u00e9fil\u00e9 de la fanfare dans les rues de la ville.<\/p>\n<p><span style=\"border-radius: 2px; text-indent: 20px; width: auto; padding: 0px 4px 0px 0px; text-align: center; font: bold 11px\/20px 'Helvetica Neue',Helvetica,sans-serif; color: #ffffff; background: #bd081c  no-repeat scroll 3px 50% \/ 14px 14px; position: absolute; opacity: 1; z-index: 8675309; display: none; cursor: pointer;\">Enregistrer<\/span><\/p>\n","protected":false},"excerpt":{"rendered":"<p>Le jeudi 22 mars prochain, Normandie Images propose \u00e0 l&rsquo;espace Beaumarchais la projection de plusieurs courts-m\u00e9trages issus d&rsquo;archives normandes parmi lesquels figurent notamment les festivit\u00e9s du jumelage entre Binche et Maromme. Une occasion pour l&rsquo;association de lancer un appel aux images d&rsquo;archives personnelles Au sein de Normandie Images, La M\u00e9moire Audiovisuelle a pour mission d&rsquo;assurer&#8230; <\/p>\n<div class=\"link-more\"><a href=\"https:\/\/marommeactu.fr\/?p=3967\">En savoir plus<\/a><\/div>\n","protected":false},"author":1,"featured_media":3970,"comment_status":"closed","ping_status":"closed","sticky":false,"template":"","format":"standard","meta":{"footnotes":""},"categories":[4,5],"tags":[],"_links":{"self":[{"href":"https:\/\/marommeactu.fr\/index.php?rest_route=\/wp\/v2\/posts\/3967"}],"collection":[{"href":"https:\/\/marommeactu.fr\/index.php?rest_route=\/wp\/v2\/posts"}],"about":[{"href":"https:\/\/marommeactu.fr\/index.php?rest_route=\/wp\/v2\/types\/post"}],"author":[{"embeddable":true,"href":"https:\/\/marommeactu.fr\/index.php?rest_route=\/wp\/v2\/users\/1"}],"replies":[{"embeddable":true,"href":"https:\/\/marommeactu.fr\/index.php?rest_route=%2Fwp%2Fv2%2Fcomments&post=3967"}],"version-history":[{"count":3,"href":"https:\/\/marommeactu.fr\/index.php?rest_route=\/wp\/v2\/posts\/3967\/revisions"}],"predecessor-version":[{"id":3973,"href":"https:\/\/marommeactu.fr\/index.php?rest_route=\/wp\/v2\/posts\/3967\/revisions\/3973"}],"wp:featuredmedia":[{"embeddable":true,"href":"https:\/\/marommeactu.fr\/index.php?rest_route=\/wp\/v2\/media\/3970"}],"wp:attachment":[{"href":"https:\/\/marommeactu.fr\/index.php?rest_route=%2Fwp%2Fv2%2Fmedia&parent=3967"}],"wp:term":[{"taxonomy":"category","embeddable":true,"href":"https:\/\/marommeactu.fr\/index.php?rest_route=%2Fwp%2Fv2%2Fcategories&post=3967"},{"taxonomy":"post_tag","embeddable":true,"href":"https:\/\/marommeactu.fr\/index.php?rest_route=%2Fwp%2Fv2%2Ftags&post=3967"}],"curies":[{"name":"wp","href":"https:\/\/api.w.org\/{rel}","templated":true}]}}