{"id":3958,"date":"2018-03-13T09:29:33","date_gmt":"2018-03-13T08:29:33","guid":{"rendered":"http:\/\/marommeactu.fr\/?p=3958"},"modified":"2018-03-13T09:29:33","modified_gmt":"2018-03-13T08:29:33","slug":"dernier-mardi-de-la-saison-a-ne-pas-manquer","status":"publish","type":"post","link":"https:\/\/marommeactu.fr\/?p=3958","title":{"rendered":"Dernier mardi de la saison\u2026 \u00e0 ne pas manquer !"},"content":{"rendered":"<p style=\"text-align: justify;\"><a href=\"http:\/\/marommeactu.fr\/wp-content\/uploads\/2018\/03\/improbables.jpg\"><img loading=\"lazy\" decoding=\"async\" class=\"alignnone size-full wp-image-3959\" src=\"http:\/\/marommeactu.fr\/wp-content\/uploads\/2018\/03\/improbables.jpg\" alt=\"improbables\" width=\"1240\" height=\"820\" srcset=\"https:\/\/marommeactu.fr\/wp-content\/uploads\/2018\/03\/improbables.jpg 1240w, https:\/\/marommeactu.fr\/wp-content\/uploads\/2018\/03\/improbables-300x198.jpg 300w, https:\/\/marommeactu.fr\/wp-content\/uploads\/2018\/03\/improbables-768x508.jpg 768w, https:\/\/marommeactu.fr\/wp-content\/uploads\/2018\/03\/improbables-1024x677.jpg 1024w, https:\/\/marommeactu.fr\/wp-content\/uploads\/2018\/03\/improbables-454x300.jpg 454w\" sizes=\"(max-width: 1240px) 100vw, 1240px\" \/><\/a><\/p>\n<p style=\"text-align: justify;\">Ce soir, Les Improbables cl\u00f4turent leur premi\u00e8re saison \u00e0 Maromme. La troupe d&rsquo;improvisation sera \u00e0 l&rsquo;espace culturel Beaumarchais pour conqu\u00e9rir, une nouvelle fois, le public marommais. Ces com\u00e9diens qui cultivent l&rsquo;art de la re\u0301partie comme personne sont en effet bien d\u00e9cid\u00e9s ce soir \u00e0 marquer les esprits et \u00e0 laisser une trace de leur passage sur les planches. Comme toujours, \u00e0 partir d&rsquo;un mot choisi au hasard par le public et apre\u0300s un court instant de re\u0301flexion, les come\u0301diens se lanceront sur sce\u0300ne pour inventer de toutes pie\u0300ces une histoire. En direct, sous les yeux du public, ils joueront en me\u0302me temps qu&rsquo;ils fabriqueront le spectacle. Pertinents et dro\u0302les, Les Improbables mai\u0302trisent tous les ressorts de la come\u0301die. Avec une rapidite\u0301 d&rsquo;esprit incroyable, ils manient la langue avec brio et entrai\u0302neront le public dans des histoires pleines de fantaisies et d&rsquo;humour. \u00c0 ne pas manquer !<\/p>\n<div class=\"page\" title=\"Page 21\">\n<div class=\"section\">\n<div class=\"layoutArea\">\n<div class=\"column\">\n<div class=\"page\" title=\"Page 21\">\n<div class=\"section\">\n<div class=\"layoutArea\">\n<div class=\"page\" title=\"Page 21\">\n<div class=\"section\">\n<div class=\"layoutArea\">\n<div class=\"column\">\n<p style=\"text-align: justify;\"><strong>Les mardis de l&rsquo;impro<\/strong><br \/>\n<strong>Mardi 13 mars \u00e0 20h30 a\u0300 l&rsquo;espace culturel Beaumarchais<\/strong><br \/>\nInfos &amp; Re\u0301servation :<br \/>\n<strong>09 51 52 11 32 &#8211; www.lesimprobables.fr<\/strong><\/p>\n<\/div>\n<\/div>\n<\/div>\n<\/div>\n<\/div>\n<\/div>\n<\/div>\n<\/div>\n<\/div>\n<\/div>\n<\/div>\n","protected":false},"excerpt":{"rendered":"<p>Ce soir, Les Improbables cl\u00f4turent leur premi\u00e8re saison \u00e0 Maromme. La troupe d&rsquo;improvisation sera \u00e0 l&rsquo;espace culturel Beaumarchais pour conqu\u00e9rir, une nouvelle fois, le public marommais. Ces com\u00e9diens qui cultivent l&rsquo;art de la re\u0301partie comme personne sont en effet bien d\u00e9cid\u00e9s ce soir \u00e0 marquer les esprits et \u00e0 laisser une trace de leur passage&#8230; <\/p>\n<div class=\"link-more\"><a href=\"https:\/\/marommeactu.fr\/?p=3958\">En savoir plus<\/a><\/div>\n","protected":false},"author":1,"featured_media":3932,"comment_status":"closed","ping_status":"closed","sticky":false,"template":"","format":"standard","meta":{"footnotes":""},"categories":[4],"tags":[],"_links":{"self":[{"href":"https:\/\/marommeactu.fr\/index.php?rest_route=\/wp\/v2\/posts\/3958"}],"collection":[{"href":"https:\/\/marommeactu.fr\/index.php?rest_route=\/wp\/v2\/posts"}],"about":[{"href":"https:\/\/marommeactu.fr\/index.php?rest_route=\/wp\/v2\/types\/post"}],"author":[{"embeddable":true,"href":"https:\/\/marommeactu.fr\/index.php?rest_route=\/wp\/v2\/users\/1"}],"replies":[{"embeddable":true,"href":"https:\/\/marommeactu.fr\/index.php?rest_route=%2Fwp%2Fv2%2Fcomments&post=3958"}],"version-history":[{"count":1,"href":"https:\/\/marommeactu.fr\/index.php?rest_route=\/wp\/v2\/posts\/3958\/revisions"}],"predecessor-version":[{"id":3960,"href":"https:\/\/marommeactu.fr\/index.php?rest_route=\/wp\/v2\/posts\/3958\/revisions\/3960"}],"wp:featuredmedia":[{"embeddable":true,"href":"https:\/\/marommeactu.fr\/index.php?rest_route=\/wp\/v2\/media\/3932"}],"wp:attachment":[{"href":"https:\/\/marommeactu.fr\/index.php?rest_route=%2Fwp%2Fv2%2Fmedia&parent=3958"}],"wp:term":[{"taxonomy":"category","embeddable":true,"href":"https:\/\/marommeactu.fr\/index.php?rest_route=%2Fwp%2Fv2%2Fcategories&post=3958"},{"taxonomy":"post_tag","embeddable":true,"href":"https:\/\/marommeactu.fr\/index.php?rest_route=%2Fwp%2Fv2%2Ftags&post=3958"}],"curies":[{"name":"wp","href":"https:\/\/api.w.org\/{rel}","templated":true}]}}