{"id":3939,"date":"2018-03-12T10:37:18","date_gmt":"2018-03-12T09:37:18","guid":{"rendered":"http:\/\/marommeactu.fr\/?p=3939"},"modified":"2018-03-12T10:37:18","modified_gmt":"2018-03-12T09:37:18","slug":"portes-ouvertes-au-lycee-bernard-palissy","status":"publish","type":"post","link":"https:\/\/marommeactu.fr\/?p=3939","title":{"rendered":"Portes ouvertes au lyc\u00e9e Bernard Palissy"},"content":{"rendered":"<p style=\"text-align: justify;\"><strong><a href=\"http:\/\/marommeactu.fr\/wp-content\/uploads\/2018\/03\/pal1.jpg\"><img loading=\"lazy\" decoding=\"async\" class=\"alignnone size-large wp-image-3941\" src=\"http:\/\/marommeactu.fr\/wp-content\/uploads\/2018\/03\/pal1-1024x683.jpg\" alt=\"pal1\" width=\"1000\" height=\"667\" srcset=\"https:\/\/marommeactu.fr\/wp-content\/uploads\/2018\/03\/pal1-1024x683.jpg 1024w, https:\/\/marommeactu.fr\/wp-content\/uploads\/2018\/03\/pal1-300x200.jpg 300w, https:\/\/marommeactu.fr\/wp-content\/uploads\/2018\/03\/pal1-768x512.jpg 768w, https:\/\/marommeactu.fr\/wp-content\/uploads\/2018\/03\/pal1-288x192.jpg 288w, https:\/\/marommeactu.fr\/wp-content\/uploads\/2018\/03\/pal1-960x640.jpg 960w, https:\/\/marommeactu.fr\/wp-content\/uploads\/2018\/03\/pal1-450x300.jpg 450w, https:\/\/marommeactu.fr\/wp-content\/uploads\/2018\/03\/pal1.jpg 1800w\" sizes=\"(max-width: 1000px) 100vw, 1000px\" \/><\/a>Le Lyc\u00e9e Bernard Palissy ouvre ses portes au public le samedi 17 mars prochain. <\/strong>De 9h \u00e0 12h, les \u00e9quipes et les \u00e9l\u00e8ves du lyc\u00e9e professionnel de Maromme recevront dans leurs locaux les \u00e9l\u00e8ves de coll\u00e8ge et leurs parents d\u00e9sireux de mieux conna\u00eetre les formations dispens\u00e9es dans l\u2019\u00e9tablissement.<br \/>\nLyc\u00e9e des m\u00e9tiers de l\u2019Acier de l\u2019Aluminium et des Services, le lyc\u00e9e Bernard Palissy allie harmonieusement les fili\u00e8res industrielles aux m\u00e9tiers du commerce, des services \u00e0 la personne et aux entreprises, attirant un public mixte et diversifi\u00e9.<\/p>\n<p style=\"text-align: justify;\"><a href=\"http:\/\/marommeactu.fr\/wp-content\/uploads\/2018\/03\/siteon4-1db86.gif\"><img loading=\"lazy\" decoding=\"async\" class=\"alignnone size-full wp-image-3940\" src=\"http:\/\/marommeactu.fr\/wp-content\/uploads\/2018\/03\/siteon4-1db86.gif\" alt=\"siteon4-1db86\" width=\"500\" height=\"150\" \/><\/a><br \/>\n<strong>Lyc\u00e9e Bernard PALISSY<br class=\"autobr\" \/> 5 sente aux loups<br \/>\n<\/strong>02 32 82 10 20<br \/>\n<a href=\"http:\/\/palissy-lyc.spip.ac-rouen.fr\/\">Site internet<\/a><\/p>\n","protected":false},"excerpt":{"rendered":"<p>Le Lyc\u00e9e Bernard Palissy ouvre ses portes au public le samedi 17 mars prochain. De 9h \u00e0 12h, les \u00e9quipes et les \u00e9l\u00e8ves du lyc\u00e9e professionnel de Maromme recevront dans leurs locaux les \u00e9l\u00e8ves de coll\u00e8ge et leurs parents d\u00e9sireux de mieux conna\u00eetre les formations dispens\u00e9es dans l\u2019\u00e9tablissement. Lyc\u00e9e des m\u00e9tiers de l\u2019Acier de l\u2019Aluminium&#8230; <\/p>\n<div class=\"link-more\"><a href=\"https:\/\/marommeactu.fr\/?p=3939\">En savoir plus<\/a><\/div>\n","protected":false},"author":1,"featured_media":3942,"comment_status":"closed","ping_status":"closed","sticky":false,"template":"","format":"standard","meta":{"footnotes":""},"categories":[4,5],"tags":[],"_links":{"self":[{"href":"https:\/\/marommeactu.fr\/index.php?rest_route=\/wp\/v2\/posts\/3939"}],"collection":[{"href":"https:\/\/marommeactu.fr\/index.php?rest_route=\/wp\/v2\/posts"}],"about":[{"href":"https:\/\/marommeactu.fr\/index.php?rest_route=\/wp\/v2\/types\/post"}],"author":[{"embeddable":true,"href":"https:\/\/marommeactu.fr\/index.php?rest_route=\/wp\/v2\/users\/1"}],"replies":[{"embeddable":true,"href":"https:\/\/marommeactu.fr\/index.php?rest_route=%2Fwp%2Fv2%2Fcomments&post=3939"}],"version-history":[{"count":1,"href":"https:\/\/marommeactu.fr\/index.php?rest_route=\/wp\/v2\/posts\/3939\/revisions"}],"predecessor-version":[{"id":3943,"href":"https:\/\/marommeactu.fr\/index.php?rest_route=\/wp\/v2\/posts\/3939\/revisions\/3943"}],"wp:featuredmedia":[{"embeddable":true,"href":"https:\/\/marommeactu.fr\/index.php?rest_route=\/wp\/v2\/media\/3942"}],"wp:attachment":[{"href":"https:\/\/marommeactu.fr\/index.php?rest_route=%2Fwp%2Fv2%2Fmedia&parent=3939"}],"wp:term":[{"taxonomy":"category","embeddable":true,"href":"https:\/\/marommeactu.fr\/index.php?rest_route=%2Fwp%2Fv2%2Fcategories&post=3939"},{"taxonomy":"post_tag","embeddable":true,"href":"https:\/\/marommeactu.fr\/index.php?rest_route=%2Fwp%2Fv2%2Ftags&post=3939"}],"curies":[{"name":"wp","href":"https:\/\/api.w.org\/{rel}","templated":true}]}}