{"id":3910,"date":"2018-03-05T16:41:46","date_gmt":"2018-03-05T15:41:46","guid":{"rendered":"http:\/\/marommeactu.fr\/?p=3910"},"modified":"2021-08-25T13:56:28","modified_gmt":"2021-08-25T11:56:28","slug":"vacances-outre-rhin-pour-les-1217-ans","status":"publish","type":"post","link":"https:\/\/marommeactu.fr\/?p=3910","title":{"rendered":"Vacances Outre-Rhin pour les 12\/17 ans"},"content":{"rendered":"<p style=\"text-align: justify;\"><a href=\"http:\/\/marommeactu.fr\/wp-content\/uploads\/2018\/03\/20161003_112002.jpg\"><img loading=\"lazy\" decoding=\"async\" class=\"alignnone size-large wp-image-3912\" src=\"http:\/\/marommeactu.fr\/wp-content\/uploads\/2018\/03\/20161003_112002-1024x768.jpg\" alt=\"20161003_112002\" width=\"1000\" height=\"750\" srcset=\"https:\/\/marommeactu.fr\/wp-content\/uploads\/2018\/03\/20161003_112002-1024x768.jpg 1024w, https:\/\/marommeactu.fr\/wp-content\/uploads\/2018\/03\/20161003_112002-300x225.jpg 300w, https:\/\/marommeactu.fr\/wp-content\/uploads\/2018\/03\/20161003_112002-768x576.jpg 768w, https:\/\/marommeactu.fr\/wp-content\/uploads\/2018\/03\/20161003_112002-400x300.jpg 400w\" sizes=\"(max-width: 1000px) 100vw, 1000px\" \/><\/a>Le comit\u00e9 d&rsquo;\u00e9change international (CEI) organise, comme chaque ann\u00e9e \u00e0 l&rsquo;occasion des vacances de printemps, un s\u00e9jour \u00e0 Norderstedt, ville jumel\u00e9e avec Maromme. Ce s\u00e9jour se d\u00e9roulera <strong>du 4 au 11 mai prochain<\/strong>, pour des jeunes de 12 \u00e0 17 ans, avec, \u00e0 la cl\u00e9, de nombreuses activit\u00e9s ludiques et culturelles mais aussi et surtout des moments d&rsquo;\u00e9changes et de d\u00e9couvertes.<br \/>\nLes jeunes seront accueillis et h\u00e9berg\u00e9s chez des familles allemandes.<br \/>\nIl reste encore quelques places \/ fin des inscriptions le 7 avril<br \/>\nPour tous renseignements sur les conditions d&rsquo;inscription, prendre contact avec le CEI :<br \/>\nT\u00e9l. <strong>06 62 01 70 59<\/strong><br \/>\nou par mail : <strong>jumelages.maromme@gmail.com<\/strong><br \/>\n<a href=\"http:\/\/marommeactu.fr\/wp-content\/uploads\/2018\/03\/20161001_101720.jpg\"><img loading=\"lazy\" decoding=\"async\" class=\"alignnone size-large wp-image-3913\" src=\"http:\/\/marommeactu.fr\/wp-content\/uploads\/2018\/03\/20161001_101720-768x1024.jpg\" alt=\"20161001_101720\" width=\"768\" height=\"1024\" srcset=\"https:\/\/marommeactu.fr\/wp-content\/uploads\/2018\/03\/20161001_101720-768x1024.jpg 768w, https:\/\/marommeactu.fr\/wp-content\/uploads\/2018\/03\/20161001_101720-225x300.jpg 225w, https:\/\/marommeactu.fr\/wp-content\/uploads\/2018\/03\/20161001_101720-630x840.jpg 630w, https:\/\/marommeactu.fr\/wp-content\/uploads\/2018\/03\/20161001_101720-960x1280.jpg 960w\" sizes=\"(max-width: 768px) 100vw, 768px\" \/><\/a><\/p>\n<p style=\"text-align: justify;\"><a href=\"http:\/\/marommeactu.fr\/wp-content\/uploads\/2018\/03\/20161001_114816.jpg\"><img loading=\"lazy\" decoding=\"async\" class=\"alignnone size-large wp-image-3911\" src=\"http:\/\/marommeactu.fr\/wp-content\/uploads\/2018\/03\/20161001_114816-1024x768.jpg\" alt=\"20161001_114816\" width=\"1000\" height=\"750\" srcset=\"https:\/\/marommeactu.fr\/wp-content\/uploads\/2018\/03\/20161001_114816-1024x768.jpg 1024w, https:\/\/marommeactu.fr\/wp-content\/uploads\/2018\/03\/20161001_114816-300x225.jpg 300w, https:\/\/marommeactu.fr\/wp-content\/uploads\/2018\/03\/20161001_114816-768x576.jpg 768w, https:\/\/marommeactu.fr\/wp-content\/uploads\/2018\/03\/20161001_114816-400x300.jpg 400w\" sizes=\"(max-width: 1000px) 100vw, 1000px\" \/><\/a><\/p>\n","protected":false},"excerpt":{"rendered":"<p>Le comit\u00e9 d&rsquo;\u00e9change international (CEI) organise, comme chaque ann\u00e9e \u00e0 l&rsquo;occasion des vacances de printemps, un s\u00e9jour \u00e0 Norderstedt, ville jumel\u00e9e avec Maromme. Ce s\u00e9jour se d\u00e9roulera du 4 au 11 mai prochain, pour des jeunes de 12 \u00e0 17 ans, avec, \u00e0 la cl\u00e9, de nombreuses activit\u00e9s ludiques et culturelles mais aussi et surtout&#8230; <\/p>\n<div class=\"link-more\"><a href=\"https:\/\/marommeactu.fr\/?p=3910\">En savoir plus<\/a><\/div>\n","protected":false},"author":1,"featured_media":3914,"comment_status":"closed","ping_status":"closed","sticky":false,"template":"","format":"standard","meta":{"footnotes":""},"categories":[4,5],"tags":[],"_links":{"self":[{"href":"https:\/\/marommeactu.fr\/index.php?rest_route=\/wp\/v2\/posts\/3910"}],"collection":[{"href":"https:\/\/marommeactu.fr\/index.php?rest_route=\/wp\/v2\/posts"}],"about":[{"href":"https:\/\/marommeactu.fr\/index.php?rest_route=\/wp\/v2\/types\/post"}],"author":[{"embeddable":true,"href":"https:\/\/marommeactu.fr\/index.php?rest_route=\/wp\/v2\/users\/1"}],"replies":[{"embeddable":true,"href":"https:\/\/marommeactu.fr\/index.php?rest_route=%2Fwp%2Fv2%2Fcomments&post=3910"}],"version-history":[{"count":2,"href":"https:\/\/marommeactu.fr\/index.php?rest_route=\/wp\/v2\/posts\/3910\/revisions"}],"predecessor-version":[{"id":3916,"href":"https:\/\/marommeactu.fr\/index.php?rest_route=\/wp\/v2\/posts\/3910\/revisions\/3916"}],"wp:featuredmedia":[{"embeddable":true,"href":"https:\/\/marommeactu.fr\/index.php?rest_route=\/wp\/v2\/media\/3914"}],"wp:attachment":[{"href":"https:\/\/marommeactu.fr\/index.php?rest_route=%2Fwp%2Fv2%2Fmedia&parent=3910"}],"wp:term":[{"taxonomy":"category","embeddable":true,"href":"https:\/\/marommeactu.fr\/index.php?rest_route=%2Fwp%2Fv2%2Fcategories&post=3910"},{"taxonomy":"post_tag","embeddable":true,"href":"https:\/\/marommeactu.fr\/index.php?rest_route=%2Fwp%2Fv2%2Ftags&post=3910"}],"curies":[{"name":"wp","href":"https:\/\/api.w.org\/{rel}","templated":true}]}}