{"id":3893,"date":"2018-02-28T14:08:57","date_gmt":"2018-02-28T13:08:57","guid":{"rendered":"http:\/\/marommeactu.fr\/?p=3893"},"modified":"2021-08-25T13:56:33","modified_gmt":"2021-08-25T11:56:33","slug":"coupure-du-reseau-dalimentation-en-eau","status":"publish","type":"post","link":"https:\/\/marommeactu.fr\/?p=3893","title":{"rendered":"Coupure du r\u00e9seau d&rsquo;alimentation en eau"},"content":{"rendered":"<p><a href=\"http:\/\/marommeactu.fr\/wp-content\/uploads\/2018\/02\/Eaux.jpg\"><img loading=\"lazy\" decoding=\"async\" class=\"size-full wp-image-3894 aligncenter\" src=\"http:\/\/marommeactu.fr\/wp-content\/uploads\/2018\/02\/Eaux.jpg\" alt=\"Eaux\" width=\"425\" height=\"425\" srcset=\"https:\/\/marommeactu.fr\/wp-content\/uploads\/2018\/02\/Eaux.jpg 425w, https:\/\/marommeactu.fr\/wp-content\/uploads\/2018\/02\/Eaux-150x150.jpg 150w, https:\/\/marommeactu.fr\/wp-content\/uploads\/2018\/02\/Eaux-300x300.jpg 300w\" sizes=\"(max-width: 425px) 100vw, 425px\" \/><\/a><\/p>\n<p style=\"text-align: justify;\">Eaux de Normandie informe qu&rsquo;une \u00e9quipe interviendra <strong>dans la nuit du 1<sup>er<\/sup> au 2 mars de 22h \u00e0 6h du matin<\/strong>, sur l&rsquo;avenue du\u00a0 <strong>Val aux Dames. <\/strong>Cette intervention oblige<strong>\u00a0<\/strong> de proc\u00e9der \u00e0 un arr\u00eat d\u2019eau durant ce lapse de temps, impactant les rues suivantes\u00a0:<br \/>\nRUE ABRAHAM DUQUESNE<br \/>\nRUE AMPERE<br \/>\nRUE BERTHELOT<br \/>\nRUE CAVELIER DE LA SALLE<br \/>\nRUE CLAUDE MONET<br \/>\nRUE DANIEL AUBER<br \/>\nRUE DENIS PAPIN<br \/>\nRUE FLORA TRISTAN<br \/>\nPETITE RUE DES FORRIERES<br \/>\nRUE DES FORRIERES<br \/>\nSENTE DES FORRIERES<br \/>\nRUE FRANCOIS BLANCHARD<br \/>\nRUE FRANCOIS MALHERBE<br \/>\nRUE FREDERIC BERAT<br \/>\nRUE FREDERIC LEMAITRE<br \/>\nIMPASSE GEORGES CHEDANNE<br \/>\nRUE GEORGES CHEDANNE<br \/>\nRUE JACQUARD<br \/>\nRUE JEAN ANGO<br \/>\nAVENUE JEAN MILLET<br \/>\nRUE JEAN DE BETHENCOURT<br \/>\nRUE JOSEPH DELATTRE<br \/>\nRUE MARCONI<br \/>\nAVENUE DU VAL AUX DAMES<br \/>\nROUTE DE DUCLAIR<br \/>\nPLEIN SUD<br \/>\nLE VAL AUX DAMES<\/p>\n","protected":false},"excerpt":{"rendered":"<p>Eaux de Normandie informe qu&rsquo;une \u00e9quipe interviendra dans la nuit du 1er au 2 mars de 22h \u00e0 6h du matin, sur l&rsquo;avenue du\u00a0 Val aux Dames. Cette intervention oblige\u00a0 de proc\u00e9der \u00e0 un arr\u00eat d\u2019eau durant ce lapse de temps, impactant les rues suivantes\u00a0: RUE ABRAHAM DUQUESNE RUE AMPERE RUE BERTHELOT RUE CAVELIER DE&#8230; <\/p>\n<div class=\"link-more\"><a href=\"https:\/\/marommeactu.fr\/?p=3893\">En savoir plus<\/a><\/div>\n","protected":false},"author":1,"featured_media":3894,"comment_status":"closed","ping_status":"closed","sticky":false,"template":"","format":"standard","meta":{"footnotes":""},"categories":[4],"tags":[],"_links":{"self":[{"href":"https:\/\/marommeactu.fr\/index.php?rest_route=\/wp\/v2\/posts\/3893"}],"collection":[{"href":"https:\/\/marommeactu.fr\/index.php?rest_route=\/wp\/v2\/posts"}],"about":[{"href":"https:\/\/marommeactu.fr\/index.php?rest_route=\/wp\/v2\/types\/post"}],"author":[{"embeddable":true,"href":"https:\/\/marommeactu.fr\/index.php?rest_route=\/wp\/v2\/users\/1"}],"replies":[{"embeddable":true,"href":"https:\/\/marommeactu.fr\/index.php?rest_route=%2Fwp%2Fv2%2Fcomments&post=3893"}],"version-history":[{"count":1,"href":"https:\/\/marommeactu.fr\/index.php?rest_route=\/wp\/v2\/posts\/3893\/revisions"}],"predecessor-version":[{"id":3895,"href":"https:\/\/marommeactu.fr\/index.php?rest_route=\/wp\/v2\/posts\/3893\/revisions\/3895"}],"wp:featuredmedia":[{"embeddable":true,"href":"https:\/\/marommeactu.fr\/index.php?rest_route=\/wp\/v2\/media\/3894"}],"wp:attachment":[{"href":"https:\/\/marommeactu.fr\/index.php?rest_route=%2Fwp%2Fv2%2Fmedia&parent=3893"}],"wp:term":[{"taxonomy":"category","embeddable":true,"href":"https:\/\/marommeactu.fr\/index.php?rest_route=%2Fwp%2Fv2%2Fcategories&post=3893"},{"taxonomy":"post_tag","embeddable":true,"href":"https:\/\/marommeactu.fr\/index.php?rest_route=%2Fwp%2Fv2%2Ftags&post=3893"}],"curies":[{"name":"wp","href":"https:\/\/api.w.org\/{rel}","templated":true}]}}