{"id":3862,"date":"2018-02-23T11:50:45","date_gmt":"2018-02-23T10:50:45","guid":{"rendered":"http:\/\/marommeactu.fr\/?p=3862"},"modified":"2018-02-23T11:50:45","modified_gmt":"2018-02-23T10:50:45","slug":"les-eleves-affichent-la-couleur","status":"publish","type":"post","link":"https:\/\/marommeactu.fr\/?p=3862","title":{"rendered":"Les \u00e9l\u00e8ves affichent la couleur !"},"content":{"rendered":"<p style=\"text-align: justify;\"><a href=\"http:\/\/marommeactu.fr\/wp-content\/uploads\/2018\/02\/DSC00695.jpg\"><img loading=\"lazy\" decoding=\"async\" class=\"alignnone size-large wp-image-3863\" src=\"http:\/\/marommeactu.fr\/wp-content\/uploads\/2018\/02\/DSC00695-1024x768.jpg\" alt=\"DSC00695\" width=\"1000\" height=\"750\" srcset=\"https:\/\/marommeactu.fr\/wp-content\/uploads\/2018\/02\/DSC00695-1024x768.jpg 1024w, https:\/\/marommeactu.fr\/wp-content\/uploads\/2018\/02\/DSC00695-300x225.jpg 300w, https:\/\/marommeactu.fr\/wp-content\/uploads\/2018\/02\/DSC00695-768x576.jpg 768w, https:\/\/marommeactu.fr\/wp-content\/uploads\/2018\/02\/DSC00695-400x300.jpg 400w, https:\/\/marommeactu.fr\/wp-content\/uploads\/2018\/02\/DSC00695.jpg 1800w\" sizes=\"(max-width: 1000px) 100vw, 1000px\" \/><\/a><\/p>\n<p style=\"text-align: justify;\">Hier, dans le cadre du prix \u00ab\u00a0<em>Renard\u2019eau des familles<\/em>\u00ab\u00a0, Daniel Smadja, inspecteur de l&rsquo;Education Nationale, Marie-Claude Masurier, adjoint \u00e0 la R\u00e9ussite \u00c9ducative et Jean-Marc Richard, adjoint \u00e0 la Culture ont remis le prix de la meilleure affiche \u00e0 la classe de CM2 de Madame Hyron de l\u2019\u00e9cole Gustave Flaubert. 8 classes, de la maternelle \u00e0 la 6\u00e8me ainsi qu\u2019une classe de 6\u00e8me SEGPA, avaient particip\u00e9 \u00e0 ce concours d&rsquo;affiches, dont la th\u00e9matique propos\u00e9e cette ann\u00e9e \u00e9tait \u00ables couleurs\u00bb. Pour la s\u00e9lection, les affiches ont \u00e9t\u00e9 expos\u00e9es durant 3 semaines \u00e0 la M\u00e9diath\u00e8que Le S\u00e9quo\u00efa afin que les Marommais puissent voter pour celle qu&rsquo;ils pr\u00e9f\u00e9raient. Avec 140 votants, ce concours a remport\u00e9 un v\u00e9ritable succ\u00e8s. (<em>Agathe J.)<\/em><\/p>\n","protected":false},"excerpt":{"rendered":"<p>Hier, dans le cadre du prix \u00ab\u00a0Renard\u2019eau des familles\u00ab\u00a0, Daniel Smadja, inspecteur de l&rsquo;Education Nationale, Marie-Claude Masurier, adjoint \u00e0 la R\u00e9ussite \u00c9ducative et Jean-Marc Richard, adjoint \u00e0 la Culture ont remis le prix de la meilleure affiche \u00e0 la classe de CM2 de Madame Hyron de l\u2019\u00e9cole Gustave Flaubert. 8 classes, de la maternelle \u00e0&#8230; <\/p>\n<div class=\"link-more\"><a href=\"https:\/\/marommeactu.fr\/?p=3862\">En savoir plus<\/a><\/div>\n","protected":false},"author":1,"featured_media":3864,"comment_status":"closed","ping_status":"closed","sticky":false,"template":"","format":"standard","meta":{"footnotes":""},"categories":[4],"tags":[],"_links":{"self":[{"href":"https:\/\/marommeactu.fr\/index.php?rest_route=\/wp\/v2\/posts\/3862"}],"collection":[{"href":"https:\/\/marommeactu.fr\/index.php?rest_route=\/wp\/v2\/posts"}],"about":[{"href":"https:\/\/marommeactu.fr\/index.php?rest_route=\/wp\/v2\/types\/post"}],"author":[{"embeddable":true,"href":"https:\/\/marommeactu.fr\/index.php?rest_route=\/wp\/v2\/users\/1"}],"replies":[{"embeddable":true,"href":"https:\/\/marommeactu.fr\/index.php?rest_route=%2Fwp%2Fv2%2Fcomments&post=3862"}],"version-history":[{"count":1,"href":"https:\/\/marommeactu.fr\/index.php?rest_route=\/wp\/v2\/posts\/3862\/revisions"}],"predecessor-version":[{"id":3865,"href":"https:\/\/marommeactu.fr\/index.php?rest_route=\/wp\/v2\/posts\/3862\/revisions\/3865"}],"wp:featuredmedia":[{"embeddable":true,"href":"https:\/\/marommeactu.fr\/index.php?rest_route=\/wp\/v2\/media\/3864"}],"wp:attachment":[{"href":"https:\/\/marommeactu.fr\/index.php?rest_route=%2Fwp%2Fv2%2Fmedia&parent=3862"}],"wp:term":[{"taxonomy":"category","embeddable":true,"href":"https:\/\/marommeactu.fr\/index.php?rest_route=%2Fwp%2Fv2%2Fcategories&post=3862"},{"taxonomy":"post_tag","embeddable":true,"href":"https:\/\/marommeactu.fr\/index.php?rest_route=%2Fwp%2Fv2%2Ftags&post=3862"}],"curies":[{"name":"wp","href":"https:\/\/api.w.org\/{rel}","templated":true}]}}