{"id":3842,"date":"2018-02-21T16:55:51","date_gmt":"2018-02-21T15:55:51","guid":{"rendered":"http:\/\/marommeactu.fr\/?p=3842"},"modified":"2018-02-21T16:55:51","modified_gmt":"2018-02-21T15:55:51","slug":"place-saint-just-lancement-des-travaux-lundi","status":"publish","type":"post","link":"https:\/\/marommeactu.fr\/?p=3842","title":{"rendered":"Place Saint Just : lancement des travaux lundi."},"content":{"rendered":"<p style=\"text-align: justify;\"><a href=\"http:\/\/marommeactu.fr\/wp-content\/uploads\/2018\/02\/SaintJust.jpg\"><img loading=\"lazy\" decoding=\"async\" class=\"alignnone size-large wp-image-3844\" src=\"http:\/\/marommeactu.fr\/wp-content\/uploads\/2018\/02\/SaintJust-1024x724.jpg\" alt=\"SaintJust\" width=\"1000\" height=\"707\" srcset=\"https:\/\/marommeactu.fr\/wp-content\/uploads\/2018\/02\/SaintJust-1024x724.jpg 1024w, https:\/\/marommeactu.fr\/wp-content\/uploads\/2018\/02\/SaintJust-300x212.jpg 300w, https:\/\/marommeactu.fr\/wp-content\/uploads\/2018\/02\/SaintJust-768x543.jpg 768w, https:\/\/marommeactu.fr\/wp-content\/uploads\/2018\/02\/SaintJust-425x300.jpg 425w, https:\/\/marommeactu.fr\/wp-content\/uploads\/2018\/02\/SaintJust.jpg 1800w\" sizes=\"(max-width: 1000px) 100vw, 1000px\" \/><\/a>Lundi prochain, le 26 f\u00e9vrier, d\u00e9bute le grand chantier de r\u00e9novation de la place Saint Just conduit par la M\u00e9tropole Rouen Normandie. Ce projet d&rsquo;envergure va redessiner la place aujourd&rsquo;hui pour le moins anarchique et v\u00e9tuste. Cette r\u00e9alisation s&rsquo;inscrit, bien entendu, dans un sch\u00e9ma de coh\u00e9rence entre la Place Jean Jaur\u00e8s, lieu d\u00e9di\u00e9 aux rassemblements festifs et au march\u00e9, le square de Norderstedt, \u00e9crin de verdure propice \u00e0 la d\u00e9tente, et cette place Saint Just, d\u00e9volue au stationnement. Plus fonctionnelle, ce r\u00e9am\u00e9nagement va permettre un traitement esth\u00e9tique des espaces qui seront v\u00e9g\u00e9talisme et arbor\u00e9s. Les halettes seront retir\u00e9es et des travaux de r\u00e9novation (ult\u00e9rieurs) seront men\u00e9s sur les trois porches de l&rsquo;\u00e9cole Gustave Flaubert. Le nombre de stationnements sera identique. Deux d&rsquo;entres eux b\u00e9n\u00e9ficieront de bornes de recharges pour les v\u00e9hicules \u00e9lectriques. Enfin et surtout, les espaces seront s\u00e9curis\u00e9s gr\u00e2ce \u00e0 des cheminements pi\u00e9tons prot\u00e9g\u00e9s.<\/p>\n<p style=\"text-align: justify;\"><strong>Trois mois de travaux<\/strong>\u2026<\/p>\n<p style=\"text-align: justify;\"><a href=\"http:\/\/marommeactu.fr\/wp-content\/uploads\/2018\/02\/MG_8513.jpg\"><img loading=\"lazy\" decoding=\"async\" class=\"alignnone size-medium wp-image-3846\" src=\"http:\/\/marommeactu.fr\/wp-content\/uploads\/2018\/02\/MG_8513-200x300.jpg\" alt=\"_MG_8513\" width=\"200\" height=\"300\" srcset=\"https:\/\/marommeactu.fr\/wp-content\/uploads\/2018\/02\/MG_8513-200x300.jpg 200w, https:\/\/marommeactu.fr\/wp-content\/uploads\/2018\/02\/MG_8513-768x1152.jpg 768w, https:\/\/marommeactu.fr\/wp-content\/uploads\/2018\/02\/MG_8513-683x1024.jpg 683w, https:\/\/marommeactu.fr\/wp-content\/uploads\/2018\/02\/MG_8513.jpg 1200w\" sizes=\"(max-width: 200px) 100vw, 200px\" \/><\/a>\u00a0<a href=\"http:\/\/marommeactu.fr\/wp-content\/uploads\/2018\/02\/MG_8478.jpg\"><img loading=\"lazy\" decoding=\"async\" class=\"alignnone  wp-image-3845\" src=\"http:\/\/marommeactu.fr\/wp-content\/uploads\/2018\/02\/MG_8478-300x200.jpg\" alt=\"_MG_8478\" width=\"449\" height=\"298\" srcset=\"https:\/\/marommeactu.fr\/wp-content\/uploads\/2018\/02\/MG_8478-300x200.jpg 300w, https:\/\/marommeactu.fr\/wp-content\/uploads\/2018\/02\/MG_8478-768x512.jpg 768w, https:\/\/marommeactu.fr\/wp-content\/uploads\/2018\/02\/MG_8478-1024x683.jpg 1024w, https:\/\/marommeactu.fr\/wp-content\/uploads\/2018\/02\/MG_8478-288x192.jpg 288w, https:\/\/marommeactu.fr\/wp-content\/uploads\/2018\/02\/MG_8478-960x640.jpg 960w, https:\/\/marommeactu.fr\/wp-content\/uploads\/2018\/02\/MG_8478-450x300.jpg 450w, https:\/\/marommeactu.fr\/wp-content\/uploads\/2018\/02\/MG_8478.jpg 1800w\" sizes=\"(max-width: 449px) 100vw, 449px\" \/><\/a><br \/>\n<strong><span style=\"font-size: 18pt; font-family: 'Arial';\">La place Jean Jaur\u00e8s exceptionnellement ouverte au stationnement<\/span><\/strong><br \/>\nCette r\u00e9novation importante en terme de cadre de vie n\u00e9cessite la fermeture compl\u00e8te de la place durant trois mois. Le chantier sera, bien entendu, interdit au public. Conscient des incidences de ce chantier, <strong>David Lamiray, maire de Maromme, a d\u00e9cid\u00e9 d&rsquo;ouvrir &#8211; \u00e0 titre exceptionnel &#8211; la place Jean Jaur\u00e8s au stationnement en zone bleue (1h30), durant toute la dur\u00e9e de ces travaux<\/strong> (sauf le vendredi, jour de march\u00e9). Aujourd&rsquo;hui, les services techniques de la ville, de la M\u00e9tropole Rouen Normandie et l&rsquo;entreprise de marquage ont proc\u00e9d\u00e9 \u00e0 la mat\u00e9rialisation des 44 places de stationnement, \u00e0 la pose de portiques, de barri\u00e8res et de la signal\u00e9tique pour permettre aux v\u00e9hicules de venir y stationner d\u00e8s lundi prochain.<br \/>\nDe plus, la Municipalit\u00e9 a souhait\u00e9 port\u00e9 une attention particuli\u00e8re envers les \u00e9l\u00e8ves et les enseignants de l&rsquo;\u00e9cole Gustave Flaubert en les invitant \u00e0 <strong>la plus grande prudence aux abords de l&rsquo;\u00e9tablissement scolaire<\/strong> et d&rsquo;ajouter, \u00e0 l&rsquo;adresse des parents d&rsquo;accompagner, autant que faire se peut, leurs enfants \u00e0 pieds par les itin\u00e9raires pi\u00e9tons s\u00e9curis\u00e9s (voir plan ci-dessous).<\/p>\n<p style=\"text-align: justify;\"><a href=\"http:\/\/marommeactu.fr\/wp-content\/uploads\/2018\/02\/PlanFlaubert.jpg\"><img loading=\"lazy\" decoding=\"async\" class=\"alignnone size-large wp-image-3843\" src=\"http:\/\/marommeactu.fr\/wp-content\/uploads\/2018\/02\/PlanFlaubert-1024x724.jpg\" alt=\"PlanFlaubert\" width=\"1000\" height=\"707\" srcset=\"https:\/\/marommeactu.fr\/wp-content\/uploads\/2018\/02\/PlanFlaubert-1024x724.jpg 1024w, https:\/\/marommeactu.fr\/wp-content\/uploads\/2018\/02\/PlanFlaubert-300x212.jpg 300w, https:\/\/marommeactu.fr\/wp-content\/uploads\/2018\/02\/PlanFlaubert-768x543.jpg 768w, https:\/\/marommeactu.fr\/wp-content\/uploads\/2018\/02\/PlanFlaubert-425x300.jpg 425w, https:\/\/marommeactu.fr\/wp-content\/uploads\/2018\/02\/PlanFlaubert.jpg 1800w\" sizes=\"(max-width: 1000px) 100vw, 1000px\" \/><\/a><\/p>\n","protected":false},"excerpt":{"rendered":"<p>Lundi prochain, le 26 f\u00e9vrier, d\u00e9bute le grand chantier de r\u00e9novation de la place Saint Just conduit par la M\u00e9tropole Rouen Normandie. Ce projet d&rsquo;envergure va redessiner la place aujourd&rsquo;hui pour le moins anarchique et v\u00e9tuste. Cette r\u00e9alisation s&rsquo;inscrit, bien entendu, dans un sch\u00e9ma de coh\u00e9rence entre la Place Jean Jaur\u00e8s, lieu d\u00e9di\u00e9 aux rassemblements&#8230; <\/p>\n<div class=\"link-more\"><a href=\"https:\/\/marommeactu.fr\/?p=3842\">En savoir plus<\/a><\/div>\n","protected":false},"author":1,"featured_media":3844,"comment_status":"closed","ping_status":"closed","sticky":false,"template":"","format":"standard","meta":{"footnotes":""},"categories":[4],"tags":[],"_links":{"self":[{"href":"https:\/\/marommeactu.fr\/index.php?rest_route=\/wp\/v2\/posts\/3842"}],"collection":[{"href":"https:\/\/marommeactu.fr\/index.php?rest_route=\/wp\/v2\/posts"}],"about":[{"href":"https:\/\/marommeactu.fr\/index.php?rest_route=\/wp\/v2\/types\/post"}],"author":[{"embeddable":true,"href":"https:\/\/marommeactu.fr\/index.php?rest_route=\/wp\/v2\/users\/1"}],"replies":[{"embeddable":true,"href":"https:\/\/marommeactu.fr\/index.php?rest_route=%2Fwp%2Fv2%2Fcomments&post=3842"}],"version-history":[{"count":1,"href":"https:\/\/marommeactu.fr\/index.php?rest_route=\/wp\/v2\/posts\/3842\/revisions"}],"predecessor-version":[{"id":3847,"href":"https:\/\/marommeactu.fr\/index.php?rest_route=\/wp\/v2\/posts\/3842\/revisions\/3847"}],"wp:featuredmedia":[{"embeddable":true,"href":"https:\/\/marommeactu.fr\/index.php?rest_route=\/wp\/v2\/media\/3844"}],"wp:attachment":[{"href":"https:\/\/marommeactu.fr\/index.php?rest_route=%2Fwp%2Fv2%2Fmedia&parent=3842"}],"wp:term":[{"taxonomy":"category","embeddable":true,"href":"https:\/\/marommeactu.fr\/index.php?rest_route=%2Fwp%2Fv2%2Fcategories&post=3842"},{"taxonomy":"post_tag","embeddable":true,"href":"https:\/\/marommeactu.fr\/index.php?rest_route=%2Fwp%2Fv2%2Ftags&post=3842"}],"curies":[{"name":"wp","href":"https:\/\/api.w.org\/{rel}","templated":true}]}}