{"id":3827,"date":"2018-02-20T14:32:14","date_gmt":"2018-02-20T13:32:14","guid":{"rendered":"http:\/\/marommeactu.fr\/?p=3827"},"modified":"2018-02-20T14:40:07","modified_gmt":"2018-02-20T13:40:07","slug":"maromme-attractive-i-les-entreprises-sont-de-plus-en-plus-nombreuses-a-investir-a-maromme","status":"publish","type":"post","link":"https:\/\/marommeactu.fr\/?p=3827","title":{"rendered":"Maromme Attractive I : Les entreprises sont de plus en plus nombreuses \u00e0 investir \u00e0 Maromme."},"content":{"rendered":"<p style=\"text-align: justify;\"><a href=\"http:\/\/marommeactu.fr\/wp-content\/uploads\/2018\/02\/MG_8332.jpg\"><img loading=\"lazy\" decoding=\"async\" class=\"alignnone size-large wp-image-3828\" src=\"http:\/\/marommeactu.fr\/wp-content\/uploads\/2018\/02\/MG_8332-1024x683.jpg\" alt=\"_MG_8332\" width=\"1000\" height=\"667\" srcset=\"https:\/\/marommeactu.fr\/wp-content\/uploads\/2018\/02\/MG_8332-1024x683.jpg 1024w, https:\/\/marommeactu.fr\/wp-content\/uploads\/2018\/02\/MG_8332-300x200.jpg 300w, https:\/\/marommeactu.fr\/wp-content\/uploads\/2018\/02\/MG_8332-768x512.jpg 768w, https:\/\/marommeactu.fr\/wp-content\/uploads\/2018\/02\/MG_8332-288x192.jpg 288w, https:\/\/marommeactu.fr\/wp-content\/uploads\/2018\/02\/MG_8332-960x640.jpg 960w, https:\/\/marommeactu.fr\/wp-content\/uploads\/2018\/02\/MG_8332-450x300.jpg 450w, https:\/\/marommeactu.fr\/wp-content\/uploads\/2018\/02\/MG_8332.jpg 1224w\" sizes=\"(max-width: 1000px) 100vw, 1000px\" \/><\/a><\/p>\n<p style=\"text-align: justify;\">Le Groupe Pomona construit actuellement une plateforme de 4 500m2 pour sa filiale Terre Azur, sp\u00e9cialiste des fruits, l\u00e9gumes et produits de la mer frais aupr\u00e8s des professionnels de la restauration, des grandes et moyennes surfaces et des sp\u00e9cialistes. Lundi 19 f\u00e9vrier, Fr\u00e9d\u00e9ric Lasson, directeur r\u00e9gional de Terre Azur, accueillait David Lamiray pour une visite du chantier de construction de cette future plateforme. Actuellement implant\u00e9e \u00e0 Dieppe, la soci\u00e9t\u00e9 a retenu Maromme pour sa situation g\u00e9ographique particuli\u00e8rement strat\u00e9gique au sein de la M\u00e9tropole. Ce transfert d&rsquo;activit\u00e9s s&rsquo;inscrit dans un projet de croissance important puisque l&rsquo;entreprise qui comptait 73 salari\u00e9s en 2017, devrait atteindre les 100 employ\u00e9s au deuxi\u00e8me semestre de cette ann\u00e9e.<\/p>\n<p style=\"text-align: justify;\">De plus, cette nouvelle implantation conforte Maromme dans ses engagements et ses actions envers l&rsquo;environnement. En effet, la nouvelle construction sera dot\u00e9e d&rsquo;un toit terrasse qui va permettre, \u00e0 l&rsquo;instar du b\u00e2timent Pixel qui abrite les services techniques municipaux, la r\u00e9cup\u00e9ration des eaux de pluie. Celle-ci servira au nettoyage des camions. Autre effort en terme d&rsquo;environnement, le syst\u00e8me de r\u00e9frig\u00e9ration du b\u00e2timent pour le maintien \u00e0 des temp\u00e9ratures de 2\u00b0C \u00e0 4\u00b0C repose du CO2 qui n&rsquo;a aucun effet sur la plan\u00e8te contrairement au\u00a0 fr\u00e9on. Enfin, la soci\u00e9t\u00e9 entend investir dans des v\u00e9hicules hybrides pour renouveler son parc de camions de livraisons.<\/p>\n<p style=\"text-align: justify;\"><a href=\"http:\/\/marommeactu.fr\/wp-content\/uploads\/2018\/02\/MG_8358.jpg\"><img loading=\"lazy\" decoding=\"async\" class=\"alignnone size-large wp-image-3829\" src=\"http:\/\/marommeactu.fr\/wp-content\/uploads\/2018\/02\/MG_8358-1024x683.jpg\" alt=\"_MG_8358\" width=\"1000\" height=\"667\" srcset=\"https:\/\/marommeactu.fr\/wp-content\/uploads\/2018\/02\/MG_8358-1024x683.jpg 1024w, https:\/\/marommeactu.fr\/wp-content\/uploads\/2018\/02\/MG_8358-300x200.jpg 300w, https:\/\/marommeactu.fr\/wp-content\/uploads\/2018\/02\/MG_8358-768x512.jpg 768w, https:\/\/marommeactu.fr\/wp-content\/uploads\/2018\/02\/MG_8358-288x192.jpg 288w, https:\/\/marommeactu.fr\/wp-content\/uploads\/2018\/02\/MG_8358-960x640.jpg 960w, https:\/\/marommeactu.fr\/wp-content\/uploads\/2018\/02\/MG_8358-450x300.jpg 450w, https:\/\/marommeactu.fr\/wp-content\/uploads\/2018\/02\/MG_8358.jpg 1224w\" sizes=\"(max-width: 1000px) 100vw, 1000px\" \/><\/a><\/p>\n","protected":false},"excerpt":{"rendered":"<p>Le Groupe Pomona construit actuellement une plateforme de 4 500m2 pour sa filiale Terre Azur, sp\u00e9cialiste des fruits, l\u00e9gumes et produits de la mer frais aupr\u00e8s des professionnels de la restauration, des grandes et moyennes surfaces et des sp\u00e9cialistes. Lundi 19 f\u00e9vrier, Fr\u00e9d\u00e9ric Lasson, directeur r\u00e9gional de Terre Azur, accueillait David Lamiray pour une visite&#8230; <\/p>\n<div class=\"link-more\"><a href=\"https:\/\/marommeactu.fr\/?p=3827\">En savoir plus<\/a><\/div>\n","protected":false},"author":1,"featured_media":3830,"comment_status":"closed","ping_status":"closed","sticky":false,"template":"","format":"standard","meta":{"footnotes":""},"categories":[4],"tags":[],"_links":{"self":[{"href":"https:\/\/marommeactu.fr\/index.php?rest_route=\/wp\/v2\/posts\/3827"}],"collection":[{"href":"https:\/\/marommeactu.fr\/index.php?rest_route=\/wp\/v2\/posts"}],"about":[{"href":"https:\/\/marommeactu.fr\/index.php?rest_route=\/wp\/v2\/types\/post"}],"author":[{"embeddable":true,"href":"https:\/\/marommeactu.fr\/index.php?rest_route=\/wp\/v2\/users\/1"}],"replies":[{"embeddable":true,"href":"https:\/\/marommeactu.fr\/index.php?rest_route=%2Fwp%2Fv2%2Fcomments&post=3827"}],"version-history":[{"count":3,"href":"https:\/\/marommeactu.fr\/index.php?rest_route=\/wp\/v2\/posts\/3827\/revisions"}],"predecessor-version":[{"id":3838,"href":"https:\/\/marommeactu.fr\/index.php?rest_route=\/wp\/v2\/posts\/3827\/revisions\/3838"}],"wp:featuredmedia":[{"embeddable":true,"href":"https:\/\/marommeactu.fr\/index.php?rest_route=\/wp\/v2\/media\/3830"}],"wp:attachment":[{"href":"https:\/\/marommeactu.fr\/index.php?rest_route=%2Fwp%2Fv2%2Fmedia&parent=3827"}],"wp:term":[{"taxonomy":"category","embeddable":true,"href":"https:\/\/marommeactu.fr\/index.php?rest_route=%2Fwp%2Fv2%2Fcategories&post=3827"},{"taxonomy":"post_tag","embeddable":true,"href":"https:\/\/marommeactu.fr\/index.php?rest_route=%2Fwp%2Fv2%2Ftags&post=3827"}],"curies":[{"name":"wp","href":"https:\/\/api.w.org\/{rel}","templated":true}]}}