{"id":3822,"date":"2018-02-20T13:28:36","date_gmt":"2018-02-20T12:28:36","guid":{"rendered":"http:\/\/marommeactu.fr\/?p=3822"},"modified":"2018-02-20T13:28:36","modified_gmt":"2018-02-20T12:28:36","slug":"les-formations-professionnelles-tiennent-salon-a-maromme","status":"publish","type":"post","link":"https:\/\/marommeactu.fr\/?p=3822","title":{"rendered":"Les formations professionnelles tiennent salon \u00e0 Maromme"},"content":{"rendered":"<p style=\"text-align: justify;\"><a href=\"http:\/\/marommeactu.fr\/wp-content\/uploads\/2018\/02\/MG_8423.jpg\"><img loading=\"lazy\" decoding=\"async\" class=\"alignnone size-large wp-image-3824\" src=\"http:\/\/marommeactu.fr\/wp-content\/uploads\/2018\/02\/MG_8423-1024x683.jpg\" alt=\"_MG_8423\" width=\"1000\" height=\"667\" srcset=\"https:\/\/marommeactu.fr\/wp-content\/uploads\/2018\/02\/MG_8423-1024x683.jpg 1024w, https:\/\/marommeactu.fr\/wp-content\/uploads\/2018\/02\/MG_8423-300x200.jpg 300w, https:\/\/marommeactu.fr\/wp-content\/uploads\/2018\/02\/MG_8423-768x512.jpg 768w, https:\/\/marommeactu.fr\/wp-content\/uploads\/2018\/02\/MG_8423-288x192.jpg 288w, https:\/\/marommeactu.fr\/wp-content\/uploads\/2018\/02\/MG_8423-960x640.jpg 960w, https:\/\/marommeactu.fr\/wp-content\/uploads\/2018\/02\/MG_8423-450x300.jpg 450w, https:\/\/marommeactu.fr\/wp-content\/uploads\/2018\/02\/MG_8423.jpg 1224w\" sizes=\"(max-width: 1000px) 100vw, 1000px\" \/><\/a><\/p>\n<p style=\"text-align: justify;\">Aujourd&rsquo;hui, et comme tous les ans, la Ville de Maromme accueille le forum des formations professionnelles \u00e0 l&rsquo;espace culturel Beaumarchais. 16 lyc\u00e9es professionnels pr\u00e9sentent leurs fili\u00e8res et toutes les possibilit\u00e9s qu&rsquo;elles offrent en terme de comp\u00e9tences et de d\u00e9bouch\u00e9s. Organis\u00e9 conjointement par le lyc\u00e9e Palissy et le coll\u00e8ge Alain, ce forum du bassin Barentin-Rouen rive droite figure\u00a0 parmi les plus importants forum de la M\u00e9tropole. David Lamiray, maire, M. Marc, principal du coll\u00e8ge, et M. Maillard, proviseur du lyc\u00e9e professionnel, l&rsquo;ont inaugur\u00e9 ce midi et ont tenu, \u00e0 cette occasion, \u00e0 saluer l&rsquo;engagement des \u00e9quipes des deux \u00e9tablissements de Maromme mais aussi celles des lyc\u00e9es participants. De jeunes lyc\u00e9ens accompagnaient leurs professeurs afin de d\u00e9fendre et valoriser eux-m\u00eame leur formation (Bac Pro et CAP) aupr\u00e8s des 800 coll\u00e9giens venus d\u00e9couvrir des m\u00e9tiers et s&rsquo;ouvrir \u00e0 de nouvelles envies, de nouvelles perspectives pour leur avenir.<\/p>\n","protected":false},"excerpt":{"rendered":"<p>Aujourd&rsquo;hui, et comme tous les ans, la Ville de Maromme accueille le forum des formations professionnelles \u00e0 l&rsquo;espace culturel Beaumarchais. 16 lyc\u00e9es professionnels pr\u00e9sentent leurs fili\u00e8res et toutes les possibilit\u00e9s qu&rsquo;elles offrent en terme de comp\u00e9tences et de d\u00e9bouch\u00e9s. Organis\u00e9 conjointement par le lyc\u00e9e Palissy et le coll\u00e8ge Alain, ce forum du bassin Barentin-Rouen rive&#8230; <\/p>\n<div class=\"link-more\"><a href=\"https:\/\/marommeactu.fr\/?p=3822\">En savoir plus<\/a><\/div>\n","protected":false},"author":1,"featured_media":3823,"comment_status":"closed","ping_status":"closed","sticky":false,"template":"","format":"standard","meta":{"footnotes":""},"categories":[4],"tags":[],"_links":{"self":[{"href":"https:\/\/marommeactu.fr\/index.php?rest_route=\/wp\/v2\/posts\/3822"}],"collection":[{"href":"https:\/\/marommeactu.fr\/index.php?rest_route=\/wp\/v2\/posts"}],"about":[{"href":"https:\/\/marommeactu.fr\/index.php?rest_route=\/wp\/v2\/types\/post"}],"author":[{"embeddable":true,"href":"https:\/\/marommeactu.fr\/index.php?rest_route=\/wp\/v2\/users\/1"}],"replies":[{"embeddable":true,"href":"https:\/\/marommeactu.fr\/index.php?rest_route=%2Fwp%2Fv2%2Fcomments&post=3822"}],"version-history":[{"count":2,"href":"https:\/\/marommeactu.fr\/index.php?rest_route=\/wp\/v2\/posts\/3822\/revisions"}],"predecessor-version":[{"id":3826,"href":"https:\/\/marommeactu.fr\/index.php?rest_route=\/wp\/v2\/posts\/3822\/revisions\/3826"}],"wp:featuredmedia":[{"embeddable":true,"href":"https:\/\/marommeactu.fr\/index.php?rest_route=\/wp\/v2\/media\/3823"}],"wp:attachment":[{"href":"https:\/\/marommeactu.fr\/index.php?rest_route=%2Fwp%2Fv2%2Fmedia&parent=3822"}],"wp:term":[{"taxonomy":"category","embeddable":true,"href":"https:\/\/marommeactu.fr\/index.php?rest_route=%2Fwp%2Fv2%2Fcategories&post=3822"},{"taxonomy":"post_tag","embeddable":true,"href":"https:\/\/marommeactu.fr\/index.php?rest_route=%2Fwp%2Fv2%2Ftags&post=3822"}],"curies":[{"name":"wp","href":"https:\/\/api.w.org\/{rel}","templated":true}]}}