{"id":3735,"date":"2018-02-09T15:57:55","date_gmt":"2018-02-09T14:57:55","guid":{"rendered":"http:\/\/marommeactu.fr\/?p=3735"},"modified":"2018-02-09T15:57:55","modified_gmt":"2018-02-09T14:57:55","slug":"vigilance-jaune-neige-verglas-les-services-mobilises","status":"publish","type":"post","link":"https:\/\/marommeactu.fr\/?p=3735","title":{"rendered":"vigilance JAUNE\u00a0Neige-verglas : Les services mobilis\u00e9s"},"content":{"rendered":"<p style=\"text-align: justify;\"><a href=\"http:\/\/marommeactu.fr\/wp-content\/uploads\/2018\/02\/mms_20180209_152507.jpg\"><img loading=\"lazy\" decoding=\"async\" class=\"alignnone size-full wp-image-3736\" src=\"http:\/\/marommeactu.fr\/wp-content\/uploads\/2018\/02\/mms_20180209_152507.jpg\" alt=\"mms_20180209_152507\" width=\"490\" height=\"873\" srcset=\"https:\/\/marommeactu.fr\/wp-content\/uploads\/2018\/02\/mms_20180209_152507.jpg 490w, https:\/\/marommeactu.fr\/wp-content\/uploads\/2018\/02\/mms_20180209_152507-168x300.jpg 168w\" sizes=\"(max-width: 490px) 100vw, 490px\" \/><\/a><\/p>\n<p style=\"text-align: justify;\">En raison des conditions m\u00e9t\u00e9orologiques, les \u00e9quipes des Services Techniques de la Ville de Maromme continuent d&rsquo;\u00eatre mobilis\u00e9es.\u00a0 D\u00e8s ce soir 22h, l&rsquo;une d&rsquo;elles sera sur le pont pour r\u00e9aliser un salage pr\u00e9ventif des rues de la Ville. Demain matin, d&rsquo;autres prendront la rel\u00e8ve et interviendront pour garantir l&rsquo;acc\u00e8s aux \u00e9quipements recevant du public (ERP). En effet, la Pr\u00e9fecture fait savoir que le d\u00e9partement\u00a0est d\u00e9sormais plac\u00e9 en vigilance JAUNE\u00a0Neige-verglas. Fabienne BUCCIO, pr\u00e9f\u00e8te de la r\u00e9gion Normandie, pr\u00e9f\u00e8te de la Seine-Maritime, appelle chacun \u00e0 la plus grande prudence, surtout les usagers de la route qui n\u2019ont pas d\u2019autre choix que de se d\u00e9placer.<\/p>\n","protected":false},"excerpt":{"rendered":"<p>En raison des conditions m\u00e9t\u00e9orologiques, les \u00e9quipes des Services Techniques de la Ville de Maromme continuent d&rsquo;\u00eatre mobilis\u00e9es.\u00a0 D\u00e8s ce soir 22h, l&rsquo;une d&rsquo;elles sera sur le pont pour r\u00e9aliser un salage pr\u00e9ventif des rues de la Ville. Demain matin, d&rsquo;autres prendront la rel\u00e8ve et interviendront pour garantir l&rsquo;acc\u00e8s aux \u00e9quipements recevant du public (ERP)&#8230;. <\/p>\n<div class=\"link-more\"><a href=\"https:\/\/marommeactu.fr\/?p=3735\">En savoir plus<\/a><\/div>\n","protected":false},"author":1,"featured_media":3737,"comment_status":"closed","ping_status":"closed","sticky":false,"template":"","format":"standard","meta":{"footnotes":""},"categories":[4],"tags":[],"_links":{"self":[{"href":"https:\/\/marommeactu.fr\/index.php?rest_route=\/wp\/v2\/posts\/3735"}],"collection":[{"href":"https:\/\/marommeactu.fr\/index.php?rest_route=\/wp\/v2\/posts"}],"about":[{"href":"https:\/\/marommeactu.fr\/index.php?rest_route=\/wp\/v2\/types\/post"}],"author":[{"embeddable":true,"href":"https:\/\/marommeactu.fr\/index.php?rest_route=\/wp\/v2\/users\/1"}],"replies":[{"embeddable":true,"href":"https:\/\/marommeactu.fr\/index.php?rest_route=%2Fwp%2Fv2%2Fcomments&post=3735"}],"version-history":[{"count":1,"href":"https:\/\/marommeactu.fr\/index.php?rest_route=\/wp\/v2\/posts\/3735\/revisions"}],"predecessor-version":[{"id":3739,"href":"https:\/\/marommeactu.fr\/index.php?rest_route=\/wp\/v2\/posts\/3735\/revisions\/3739"}],"wp:featuredmedia":[{"embeddable":true,"href":"https:\/\/marommeactu.fr\/index.php?rest_route=\/wp\/v2\/media\/3737"}],"wp:attachment":[{"href":"https:\/\/marommeactu.fr\/index.php?rest_route=%2Fwp%2Fv2%2Fmedia&parent=3735"}],"wp:term":[{"taxonomy":"category","embeddable":true,"href":"https:\/\/marommeactu.fr\/index.php?rest_route=%2Fwp%2Fv2%2Fcategories&post=3735"},{"taxonomy":"post_tag","embeddable":true,"href":"https:\/\/marommeactu.fr\/index.php?rest_route=%2Fwp%2Fv2%2Ftags&post=3735"}],"curies":[{"name":"wp","href":"https:\/\/api.w.org\/{rel}","templated":true}]}}