{"id":3676,"date":"2018-01-30T16:10:17","date_gmt":"2018-01-30T15:10:17","guid":{"rendered":"http:\/\/marommeactu.fr\/?p=3676"},"modified":"2021-08-25T13:56:47","modified_gmt":"2021-08-25T11:56:47","slug":"questionnaire-sur-les-rythmes-scolaires-dernier-jour","status":"publish","type":"post","link":"https:\/\/marommeactu.fr\/?p=3676","title":{"rendered":"Questionnaire sur les rythmes scolaires : Dernier jour !"},"content":{"rendered":"<p><a href=\"http:\/\/marommeactu.fr\/wp-content\/uploads\/2018\/01\/DUQkjWVUQAELMAD.jpg\"><img loading=\"lazy\" decoding=\"async\" class=\"alignnone size-large wp-image-3677\" src=\"http:\/\/marommeactu.fr\/wp-content\/uploads\/2018\/01\/DUQkjWVUQAELMAD-1024x710.jpg\" alt=\"DUQkjWVUQAELMAD\" width=\"1000\" height=\"693\" srcset=\"https:\/\/marommeactu.fr\/wp-content\/uploads\/2018\/01\/DUQkjWVUQAELMAD.jpg 1024w, https:\/\/marommeactu.fr\/wp-content\/uploads\/2018\/01\/DUQkjWVUQAELMAD-300x208.jpg 300w, https:\/\/marommeactu.fr\/wp-content\/uploads\/2018\/01\/DUQkjWVUQAELMAD-768x533.jpg 768w, https:\/\/marommeactu.fr\/wp-content\/uploads\/2018\/01\/DUQkjWVUQAELMAD-433x300.jpg 433w\" sizes=\"(max-width: 1000px) 100vw, 1000px\" \/><\/a><\/p>\n<p>Le 15 d\u00e9cembre dernier, l\u2019\u00e9quipe municipale de la Ville de Maromme lan\u00e7ait une consultation aupr\u00e8s de ses habitants sur le sujet des am\u00e9nagements des rythmes scolaires. En effet, depuis 2013, les jeunes \u00e9l\u00e8ves marommais b\u00e9n\u00e9ficient d\u2019un am\u00e9nagement des rythmes scolaires d\u00e9ploy\u00e9 sur 4 jours et demi. Or le ministre de l\u2019\u00c9ducation Nationale a propos\u00e9 en juin dernier aux communes qui le souhaitent de revenir sur une organisation de la semaine d\u2019\u00e9cole r\u00e9partie en 4 jours. Afin de r\u00e9pondre au mieux aux besoins des familles, la Ville a donc souhait\u00e9 demander l&rsquo;avis des principaux int\u00e9ress\u00e9s.<br \/>\n<strong>Attention, il vous reste jusqu&rsquo;\u00e0 demain pour donner votre avis : <a href=\"http:\/\/www.maromme.fr\">www.maromme.fr<\/a><\/strong><\/p>\n","protected":false},"excerpt":{"rendered":"<p>Le 15 d\u00e9cembre dernier, l\u2019\u00e9quipe municipale de la Ville de Maromme lan\u00e7ait une consultation aupr\u00e8s de ses habitants sur le sujet des am\u00e9nagements des rythmes scolaires. En effet, depuis 2013, les jeunes \u00e9l\u00e8ves marommais b\u00e9n\u00e9ficient d\u2019un am\u00e9nagement des rythmes scolaires d\u00e9ploy\u00e9 sur 4 jours et demi. Or le ministre de l\u2019\u00c9ducation Nationale a propos\u00e9 en&#8230; <\/p>\n<div class=\"link-more\"><a href=\"https:\/\/marommeactu.fr\/?p=3676\">En savoir plus<\/a><\/div>\n","protected":false},"author":1,"featured_media":3306,"comment_status":"closed","ping_status":"closed","sticky":false,"template":"","format":"standard","meta":{"footnotes":""},"categories":[4],"tags":[],"_links":{"self":[{"href":"https:\/\/marommeactu.fr\/index.php?rest_route=\/wp\/v2\/posts\/3676"}],"collection":[{"href":"https:\/\/marommeactu.fr\/index.php?rest_route=\/wp\/v2\/posts"}],"about":[{"href":"https:\/\/marommeactu.fr\/index.php?rest_route=\/wp\/v2\/types\/post"}],"author":[{"embeddable":true,"href":"https:\/\/marommeactu.fr\/index.php?rest_route=\/wp\/v2\/users\/1"}],"replies":[{"embeddable":true,"href":"https:\/\/marommeactu.fr\/index.php?rest_route=%2Fwp%2Fv2%2Fcomments&post=3676"}],"version-history":[{"count":1,"href":"https:\/\/marommeactu.fr\/index.php?rest_route=\/wp\/v2\/posts\/3676\/revisions"}],"predecessor-version":[{"id":3678,"href":"https:\/\/marommeactu.fr\/index.php?rest_route=\/wp\/v2\/posts\/3676\/revisions\/3678"}],"wp:featuredmedia":[{"embeddable":true,"href":"https:\/\/marommeactu.fr\/index.php?rest_route=\/wp\/v2\/media\/3306"}],"wp:attachment":[{"href":"https:\/\/marommeactu.fr\/index.php?rest_route=%2Fwp%2Fv2%2Fmedia&parent=3676"}],"wp:term":[{"taxonomy":"category","embeddable":true,"href":"https:\/\/marommeactu.fr\/index.php?rest_route=%2Fwp%2Fv2%2Fcategories&post=3676"},{"taxonomy":"post_tag","embeddable":true,"href":"https:\/\/marommeactu.fr\/index.php?rest_route=%2Fwp%2Fv2%2Ftags&post=3676"}],"curies":[{"name":"wp","href":"https:\/\/api.w.org\/{rel}","templated":true}]}}