{"id":3645,"date":"2018-01-26T11:54:01","date_gmt":"2018-01-26T10:54:01","guid":{"rendered":"http:\/\/marommeactu.fr\/?p=3645"},"modified":"2018-01-26T11:54:01","modified_gmt":"2018-01-26T10:54:01","slug":"travaux-revue-des-details","status":"publish","type":"post","link":"https:\/\/marommeactu.fr\/?p=3645","title":{"rendered":"Travaux : Revue des d\u00e9tails"},"content":{"rendered":"<p><strong><a href=\"http:\/\/marommeactu.fr\/wp-content\/uploads\/2018\/01\/MG_8042.jpg\"><img loading=\"lazy\" decoding=\"async\" class=\"alignnone size-large wp-image-3646\" src=\"http:\/\/marommeactu.fr\/wp-content\/uploads\/2018\/01\/MG_8042-1024x683.jpg\" alt=\"_MG_8042\" width=\"1000\" height=\"667\" srcset=\"https:\/\/marommeactu.fr\/wp-content\/uploads\/2018\/01\/MG_8042-1024x683.jpg 1024w, https:\/\/marommeactu.fr\/wp-content\/uploads\/2018\/01\/MG_8042-300x200.jpg 300w, https:\/\/marommeactu.fr\/wp-content\/uploads\/2018\/01\/MG_8042-768x512.jpg 768w, https:\/\/marommeactu.fr\/wp-content\/uploads\/2018\/01\/MG_8042-288x192.jpg 288w, https:\/\/marommeactu.fr\/wp-content\/uploads\/2018\/01\/MG_8042-960x640.jpg 960w, https:\/\/marommeactu.fr\/wp-content\/uploads\/2018\/01\/MG_8042-450x300.jpg 450w\" sizes=\"(max-width: 1000px) 100vw, 1000px\" \/><br \/>\n<\/a>C\u00f4te de la Valette :<\/strong><br \/>\nLa M\u00e9tropole Rouen Normandie m\u00e8ne actuellement des travaux d&rsquo;assainissement, c\u00f4te de la Valette. Ce chantier n\u00e9cessite la neutralisation partielle de la chauss\u00e9e, c\u00f4t\u00e9 droit descendant. Pour garantir la s\u00e9curit\u00e9 des agents qui interviennent, un dispositif a \u00e9t\u00e9 mis en place.\u00a0Il est recommand\u00e9 la plus grande prudence.<\/p>\n<p><a href=\"http:\/\/marommeactu.fr\/wp-content\/uploads\/2018\/01\/MG_8052.jpg\"><img loading=\"lazy\" decoding=\"async\" class=\"alignnone size-large wp-image-3647\" src=\"http:\/\/marommeactu.fr\/wp-content\/uploads\/2018\/01\/MG_8052-1024x683.jpg\" alt=\"_MG_8052\" width=\"1000\" height=\"667\" srcset=\"https:\/\/marommeactu.fr\/wp-content\/uploads\/2018\/01\/MG_8052-1024x683.jpg 1024w, https:\/\/marommeactu.fr\/wp-content\/uploads\/2018\/01\/MG_8052-300x200.jpg 300w, https:\/\/marommeactu.fr\/wp-content\/uploads\/2018\/01\/MG_8052-768x512.jpg 768w, https:\/\/marommeactu.fr\/wp-content\/uploads\/2018\/01\/MG_8052-288x192.jpg 288w, https:\/\/marommeactu.fr\/wp-content\/uploads\/2018\/01\/MG_8052-960x640.jpg 960w, https:\/\/marommeactu.fr\/wp-content\/uploads\/2018\/01\/MG_8052-450x300.jpg 450w\" sizes=\"(max-width: 1000px) 100vw, 1000px\" \/><\/a><\/p>\n<p><strong>Route de Duclair :<\/strong><br \/>\nLa rupture d&rsquo;une canalisation des eaux us\u00e9es chez un particulier a contraint les services de la M\u00e9tropole Rouen Normandie \u00e0 intervenir en urgence. Ce chantier s&rsquo;accompagne de la mise en place d&rsquo;une circulation altern\u00e9e avec feux tricolores. Il se situe entre le rond point de l&rsquo;Europe et l&rsquo;impasse Simone de Beauvoir. \u00a0Il devrait s&rsquo;achever milieu semaine prochaine.<\/p>\n<p><a href=\"http:\/\/marommeactu.fr\/wp-content\/uploads\/2018\/01\/MG_8056.jpg\"><img loading=\"lazy\" decoding=\"async\" class=\"alignnone size-large wp-image-3648\" src=\"http:\/\/marommeactu.fr\/wp-content\/uploads\/2018\/01\/MG_8056-1024x683.jpg\" alt=\"_MG_8056\" width=\"1000\" height=\"667\" srcset=\"https:\/\/marommeactu.fr\/wp-content\/uploads\/2018\/01\/MG_8056-1024x683.jpg 1024w, https:\/\/marommeactu.fr\/wp-content\/uploads\/2018\/01\/MG_8056-300x200.jpg 300w, https:\/\/marommeactu.fr\/wp-content\/uploads\/2018\/01\/MG_8056-768x512.jpg 768w, https:\/\/marommeactu.fr\/wp-content\/uploads\/2018\/01\/MG_8056-288x192.jpg 288w, https:\/\/marommeactu.fr\/wp-content\/uploads\/2018\/01\/MG_8056-960x640.jpg 960w, https:\/\/marommeactu.fr\/wp-content\/uploads\/2018\/01\/MG_8056-450x300.jpg 450w\" sizes=\"(max-width: 1000px) 100vw, 1000px\" \/><\/a><\/p>\n<p><strong>Carrefour de la R\u00e9publique :<\/strong><br \/>\nEnedis vient d&rsquo;engager ses travaux de r\u00e9novation de son r\u00e9seau au sud de la ville. Ce chantier se situe actuellement au carrefour de la R\u00e9publique.\u00a0La vigilance est demand\u00e9 particuli\u00e8rement aux automobilistes qui circulent rue de Binche.\u00a0D&rsquo;autres interventions sont programm\u00e9es rue des P\u00e9lissiers ainsi que rue Raymond Duflo. Pour cette derni\u00e8re, cette intervention entrainera la fermeture compl\u00e8te de la voirie.<\/p>\n<p><a href=\"http:\/\/marommeactu.fr\/wp-content\/uploads\/2018\/01\/MG_8076.jpg\"><img loading=\"lazy\" decoding=\"async\" class=\"alignnone size-large wp-image-3649\" src=\"http:\/\/marommeactu.fr\/wp-content\/uploads\/2018\/01\/MG_8076-1024x683.jpg\" alt=\"_MG_8076\" width=\"1000\" height=\"667\" srcset=\"https:\/\/marommeactu.fr\/wp-content\/uploads\/2018\/01\/MG_8076-1024x683.jpg 1024w, https:\/\/marommeactu.fr\/wp-content\/uploads\/2018\/01\/MG_8076-300x200.jpg 300w, https:\/\/marommeactu.fr\/wp-content\/uploads\/2018\/01\/MG_8076-768x512.jpg 768w, https:\/\/marommeactu.fr\/wp-content\/uploads\/2018\/01\/MG_8076-288x192.jpg 288w, https:\/\/marommeactu.fr\/wp-content\/uploads\/2018\/01\/MG_8076-960x640.jpg 960w, https:\/\/marommeactu.fr\/wp-content\/uploads\/2018\/01\/MG_8076-450x300.jpg 450w\" sizes=\"(max-width: 1000px) 100vw, 1000px\" \/><\/a><\/p>\n<p><strong>La Cl\u00e9rette :\u00a0<\/strong><br \/>\nLes travaux s&rsquo;ach\u00e8vent \u00e0 la Cl\u00e9rette. Apr\u00e8s l&rsquo;installation des containers collectifs enterr\u00e9s et la r\u00e9novation du parking, l&rsquo;entreprise de signal\u00e9tique termine le marquage des stationnements.<\/p>\n<p><a href=\"http:\/\/marommeactu.fr\/wp-content\/uploads\/2018\/01\/MG_8061.jpg\"><img loading=\"lazy\" decoding=\"async\" class=\"alignnone size-large wp-image-3650\" src=\"http:\/\/marommeactu.fr\/wp-content\/uploads\/2018\/01\/MG_8061-683x1024.jpg\" alt=\"_MG_8061\" width=\"683\" height=\"1024\" srcset=\"https:\/\/marommeactu.fr\/wp-content\/uploads\/2018\/01\/MG_8061-683x1024.jpg 683w, https:\/\/marommeactu.fr\/wp-content\/uploads\/2018\/01\/MG_8061-200x300.jpg 200w, https:\/\/marommeactu.fr\/wp-content\/uploads\/2018\/01\/MG_8061-768x1152.jpg 768w, https:\/\/marommeactu.fr\/wp-content\/uploads\/2018\/01\/MG_8061.jpg 1667w\" sizes=\"(max-width: 683px) 100vw, 683px\" \/><\/a><\/p>\n<p>&nbsp;<\/p>\n","protected":false},"excerpt":{"rendered":"<p>C\u00f4te de la Valette : La M\u00e9tropole Rouen Normandie m\u00e8ne actuellement des travaux d&rsquo;assainissement, c\u00f4te de la Valette. Ce chantier n\u00e9cessite la neutralisation partielle de la chauss\u00e9e, c\u00f4t\u00e9 droit descendant. Pour garantir la s\u00e9curit\u00e9 des agents qui interviennent, un dispositif a \u00e9t\u00e9 mis en place.\u00a0Il est recommand\u00e9 la plus grande prudence. Route de Duclair :&#8230; <\/p>\n<div class=\"link-more\"><a href=\"https:\/\/marommeactu.fr\/?p=3645\">En savoir plus<\/a><\/div>\n","protected":false},"author":1,"featured_media":3647,"comment_status":"closed","ping_status":"closed","sticky":false,"template":"","format":"standard","meta":{"footnotes":""},"categories":[4],"tags":[],"_links":{"self":[{"href":"https:\/\/marommeactu.fr\/index.php?rest_route=\/wp\/v2\/posts\/3645"}],"collection":[{"href":"https:\/\/marommeactu.fr\/index.php?rest_route=\/wp\/v2\/posts"}],"about":[{"href":"https:\/\/marommeactu.fr\/index.php?rest_route=\/wp\/v2\/types\/post"}],"author":[{"embeddable":true,"href":"https:\/\/marommeactu.fr\/index.php?rest_route=\/wp\/v2\/users\/1"}],"replies":[{"embeddable":true,"href":"https:\/\/marommeactu.fr\/index.php?rest_route=%2Fwp%2Fv2%2Fcomments&post=3645"}],"version-history":[{"count":1,"href":"https:\/\/marommeactu.fr\/index.php?rest_route=\/wp\/v2\/posts\/3645\/revisions"}],"predecessor-version":[{"id":3652,"href":"https:\/\/marommeactu.fr\/index.php?rest_route=\/wp\/v2\/posts\/3645\/revisions\/3652"}],"wp:featuredmedia":[{"embeddable":true,"href":"https:\/\/marommeactu.fr\/index.php?rest_route=\/wp\/v2\/media\/3647"}],"wp:attachment":[{"href":"https:\/\/marommeactu.fr\/index.php?rest_route=%2Fwp%2Fv2%2Fmedia&parent=3645"}],"wp:term":[{"taxonomy":"category","embeddable":true,"href":"https:\/\/marommeactu.fr\/index.php?rest_route=%2Fwp%2Fv2%2Fcategories&post=3645"},{"taxonomy":"post_tag","embeddable":true,"href":"https:\/\/marommeactu.fr\/index.php?rest_route=%2Fwp%2Fv2%2Ftags&post=3645"}],"curies":[{"name":"wp","href":"https:\/\/api.w.org\/{rel}","templated":true}]}}