{"id":3585,"date":"2018-01-20T11:41:54","date_gmt":"2018-01-20T10:41:54","guid":{"rendered":"http:\/\/marommeactu.fr\/?p=3585"},"modified":"2018-01-26T15:58:48","modified_gmt":"2018-01-26T14:58:48","slug":"signature-a-maromme-dune-convention-relative-au-rappel-a-lordre","status":"publish","type":"post","link":"https:\/\/marommeactu.fr\/?p=3585","title":{"rendered":"Signature \u00e0 Maromme d&rsquo;une convention relative au \u00ab\u00a0Rappel \u00e0 l&rsquo;Ordre\u00a0\u00bb"},"content":{"rendered":"<p style=\"text-align: justify;\"><a href=\"http:\/\/marommeactu.fr\/wp-content\/uploads\/2018\/01\/MG_7950.jpg\"><img loading=\"lazy\" decoding=\"async\" class=\"alignnone size-large wp-image-3586\" src=\"http:\/\/marommeactu.fr\/wp-content\/uploads\/2018\/01\/MG_7950-1024x683.jpg\" alt=\"_MG_7950\" width=\"1000\" height=\"667\" srcset=\"https:\/\/marommeactu.fr\/wp-content\/uploads\/2018\/01\/MG_7950-1024x683.jpg 1024w, https:\/\/marommeactu.fr\/wp-content\/uploads\/2018\/01\/MG_7950-300x200.jpg 300w, https:\/\/marommeactu.fr\/wp-content\/uploads\/2018\/01\/MG_7950-768x512.jpg 768w, https:\/\/marommeactu.fr\/wp-content\/uploads\/2018\/01\/MG_7950-288x192.jpg 288w, https:\/\/marommeactu.fr\/wp-content\/uploads\/2018\/01\/MG_7950-960x640.jpg 960w, https:\/\/marommeactu.fr\/wp-content\/uploads\/2018\/01\/MG_7950-450x300.jpg 450w, https:\/\/marommeactu.fr\/wp-content\/uploads\/2018\/01\/MG_7950.jpg 1800w\" sizes=\"(max-width: 1000px) 100vw, 1000px\" \/><\/a>Hier, David Lamiray, maire de Maromme et Pascal Prache, Procureur de la R\u00e9publique, ont sign\u00e9 salle Marianne une convention relative au \u00ab\u00a0Rappel \u00e0 l&rsquo;Ordre \u00bb, en pr\u00e9sence des \u00e9lus et des repr\u00e9sentants des forces de s\u00e9curit\u00e9. Avec cet accord, la Ville de Maromme se dote d&rsquo;un outil suppl\u00e9mentaire pour lutter contre les incivilit\u00e9s et promouvoir la tranquillit\u00e9 publique. En effet, cette convention, sign\u00e9e ce jour et qui s&rsquo;inscrit dans la continuit\u00e9 du Conseil local de s\u00e9curit\u00e9 et de pr\u00e9vention de la d\u00e9linquance (CLSPD), permet d\u00e9sormais au Maire et \u00e0 ses repr\u00e9sentants d\u00e9sign\u00e9s, apr\u00e8s avis favorable du Procureur, de convoquer \u00e0 un entretien l&rsquo;auteur (et ses parents dans le cas de mineurs) de \u00ab\u00a0faits portant atteinte au bon ordre, \u00e0 la s\u00fbret\u00e9, \u00e0 la s\u00e9curit\u00e9 et \u00e0 la salubrit\u00e9 publiques, commis sur le territoire de la commune\u00a0\u00bb. Qu&rsquo;il s&rsquo;agissent de conflits de voisinage, d&rsquo;incidents aux abords des \u00e9tablissements scolaires, de certaines nuisances sonores ou encore certains \u00e9carts de langage \u00e0 l\u2019\u00e9gard des personnes ou agents des services publics, etc\u2026 le Maire peut, en qualit\u00e9 d&rsquo;officier de police judiciaire et conform\u00e9ment \u00e0 la loi de 2007, proc\u00e9der \u00e0 un rappel des fondamentaux du vivre ensemble et des r\u00e8gles \u00e9l\u00e9mentaires de la R\u00e9publique lors d&rsquo;un entretien verbal. Cette convention conforte ainsi les liens d\u00e9j\u00e0 \u00e9troits entre la Ville et le Tribunal de Grande Instance de Rouen. David Lamiray a d&rsquo;ailleurs tenu \u00e0 saluer \u00e0 cette occasion la diligence du Procureur et l\u2019efficacit\u00e9 de ses services qui ont permis, dans le pass\u00e9, de circonscrire rapidement des situations qui devenaient pr\u00e9occupantes. Le Procureur a, quant \u00e0 lui, insist\u00e9 sur la pertinence de ce dispositif qui permet d\u2019apporter des r\u00e9ponses adapt\u00e9es en fonction des situations, \u00ab <em>pertinence de par la connaissance du Maire de son territoire et de ses administr\u00e9s, mais aussi au regard de l\u2019autorit\u00e9 qu\u2019il repr\u00e9sente<\/em> \u00bb.<\/p>\n<p style=\"text-align: justify;\"><a href=\"http:\/\/marommeactu.fr\/wp-content\/uploads\/2018\/01\/MG_7946.jpg\"><img loading=\"lazy\" decoding=\"async\" class=\"alignnone size-large wp-image-3589\" src=\"http:\/\/marommeactu.fr\/wp-content\/uploads\/2018\/01\/MG_7946-1024x683.jpg\" alt=\"_MG_7946\" width=\"1000\" height=\"667\" srcset=\"https:\/\/marommeactu.fr\/wp-content\/uploads\/2018\/01\/MG_7946-1024x683.jpg 1024w, https:\/\/marommeactu.fr\/wp-content\/uploads\/2018\/01\/MG_7946-300x200.jpg 300w, https:\/\/marommeactu.fr\/wp-content\/uploads\/2018\/01\/MG_7946-768x512.jpg 768w, https:\/\/marommeactu.fr\/wp-content\/uploads\/2018\/01\/MG_7946-288x192.jpg 288w, https:\/\/marommeactu.fr\/wp-content\/uploads\/2018\/01\/MG_7946-960x640.jpg 960w, https:\/\/marommeactu.fr\/wp-content\/uploads\/2018\/01\/MG_7946-450x300.jpg 450w, https:\/\/marommeactu.fr\/wp-content\/uploads\/2018\/01\/MG_7946.jpg 1800w\" sizes=\"(max-width: 1000px) 100vw, 1000px\" \/><\/a> <a href=\"http:\/\/marommeactu.fr\/wp-content\/uploads\/2018\/01\/MG_7924.jpg\"><img loading=\"lazy\" decoding=\"async\" class=\"alignnone size-large wp-image-3588\" src=\"http:\/\/marommeactu.fr\/wp-content\/uploads\/2018\/01\/MG_7924-1024x683.jpg\" alt=\"_MG_7924\" width=\"1000\" height=\"667\" srcset=\"https:\/\/marommeactu.fr\/wp-content\/uploads\/2018\/01\/MG_7924-1024x683.jpg 1024w, https:\/\/marommeactu.fr\/wp-content\/uploads\/2018\/01\/MG_7924-300x200.jpg 300w, https:\/\/marommeactu.fr\/wp-content\/uploads\/2018\/01\/MG_7924-768x512.jpg 768w, https:\/\/marommeactu.fr\/wp-content\/uploads\/2018\/01\/MG_7924-288x192.jpg 288w, https:\/\/marommeactu.fr\/wp-content\/uploads\/2018\/01\/MG_7924-960x640.jpg 960w, https:\/\/marommeactu.fr\/wp-content\/uploads\/2018\/01\/MG_7924-450x300.jpg 450w, https:\/\/marommeactu.fr\/wp-content\/uploads\/2018\/01\/MG_7924.jpg 1800w\" sizes=\"(max-width: 1000px) 100vw, 1000px\" \/><\/a><\/p>\n<p><span style=\"border-radius: 2px; text-indent: 20px; width: auto; padding: 0px 4px 0px 0px; text-align: center; font: bold 11px\/20px 'Helvetica Neue',Helvetica,sans-serif; color: #ffffff; background: #bd081c  no-repeat scroll 3px 50% \/ 14px 14px; position: absolute; opacity: 1; z-index: 8675309; display: none; cursor: pointer; top: 1195px; left: 20px;\">Enregistrer<\/span><\/p>\n","protected":false},"excerpt":{"rendered":"<p>Hier, David Lamiray, maire de Maromme et Pascal Prache, Procureur de la R\u00e9publique, ont sign\u00e9 salle Marianne une convention relative au \u00ab\u00a0Rappel \u00e0 l&rsquo;Ordre \u00bb, en pr\u00e9sence des \u00e9lus et des repr\u00e9sentants des forces de s\u00e9curit\u00e9. Avec cet accord, la Ville de Maromme se dote d&rsquo;un outil suppl\u00e9mentaire pour lutter contre les incivilit\u00e9s et promouvoir&#8230; <\/p>\n<div class=\"link-more\"><a href=\"https:\/\/marommeactu.fr\/?p=3585\">En savoir plus<\/a><\/div>\n","protected":false},"author":1,"featured_media":3587,"comment_status":"closed","ping_status":"closed","sticky":false,"template":"","format":"standard","meta":{"footnotes":""},"categories":[4],"tags":[],"_links":{"self":[{"href":"https:\/\/marommeactu.fr\/index.php?rest_route=\/wp\/v2\/posts\/3585"}],"collection":[{"href":"https:\/\/marommeactu.fr\/index.php?rest_route=\/wp\/v2\/posts"}],"about":[{"href":"https:\/\/marommeactu.fr\/index.php?rest_route=\/wp\/v2\/types\/post"}],"author":[{"embeddable":true,"href":"https:\/\/marommeactu.fr\/index.php?rest_route=\/wp\/v2\/users\/1"}],"replies":[{"embeddable":true,"href":"https:\/\/marommeactu.fr\/index.php?rest_route=%2Fwp%2Fv2%2Fcomments&post=3585"}],"version-history":[{"count":3,"href":"https:\/\/marommeactu.fr\/index.php?rest_route=\/wp\/v2\/posts\/3585\/revisions"}],"predecessor-version":[{"id":3653,"href":"https:\/\/marommeactu.fr\/index.php?rest_route=\/wp\/v2\/posts\/3585\/revisions\/3653"}],"wp:featuredmedia":[{"embeddable":true,"href":"https:\/\/marommeactu.fr\/index.php?rest_route=\/wp\/v2\/media\/3587"}],"wp:attachment":[{"href":"https:\/\/marommeactu.fr\/index.php?rest_route=%2Fwp%2Fv2%2Fmedia&parent=3585"}],"wp:term":[{"taxonomy":"category","embeddable":true,"href":"https:\/\/marommeactu.fr\/index.php?rest_route=%2Fwp%2Fv2%2Fcategories&post=3585"},{"taxonomy":"post_tag","embeddable":true,"href":"https:\/\/marommeactu.fr\/index.php?rest_route=%2Fwp%2Fv2%2Ftags&post=3585"}],"curies":[{"name":"wp","href":"https:\/\/api.w.org\/{rel}","templated":true}]}}