{"id":3559,"date":"2018-01-18T13:50:08","date_gmt":"2018-01-18T12:50:08","guid":{"rendered":"http:\/\/marommeactu.fr\/?p=3559"},"modified":"2018-01-18T13:50:08","modified_gmt":"2018-01-18T12:50:08","slug":"des-volontaires-pour-la-grainotheque","status":"publish","type":"post","link":"https:\/\/marommeactu.fr\/?p=3559","title":{"rendered":"Des volontaires pour la grainoth\u00e8que"},"content":{"rendered":"<p><a href=\"http:\/\/marommeactu.fr\/wp-content\/uploads\/2018\/01\/Resized_20180113_155257.jpg\"><img loading=\"lazy\" decoding=\"async\" class=\"alignnone size-full wp-image-3561\" src=\"http:\/\/marommeactu.fr\/wp-content\/uploads\/2018\/01\/Resized_20180113_155257.jpg\" alt=\"Resized_20180113_155257\" width=\"960\" height=\"720\" srcset=\"https:\/\/marommeactu.fr\/wp-content\/uploads\/2018\/01\/Resized_20180113_155257.jpg 960w, https:\/\/marommeactu.fr\/wp-content\/uploads\/2018\/01\/Resized_20180113_155257-300x225.jpg 300w, https:\/\/marommeactu.fr\/wp-content\/uploads\/2018\/01\/Resized_20180113_155257-768x576.jpg 768w, https:\/\/marommeactu.fr\/wp-content\/uploads\/2018\/01\/Resized_20180113_155257-400x300.jpg 400w\" sizes=\"(max-width: 960px) 100vw, 960px\" \/><\/a><\/p>\n<p style=\"text-align: justify;\">Les pr\u00e9paratifs en vue de l&rsquo;installation d&rsquo;une grainoth\u00e8que au sein de la m\u00e9diath\u00e8que se multiplient. Hier, plusieurs habitants sont venus mettre la main \u00e0 la p\u00e2te pour la confection des enveloppes qui serviront \u00e0 accueillir les semences. Volontaires pour ce travail de pliage et de collage, cette participation montrait l&rsquo;enthousiasme et l&rsquo;int\u00e9r\u00eat suscit\u00e9 par la cr\u00e9ation de cette grainoth\u00e8que.\u00a0 Sur chacune de ces enveloppes\u00a0 sera not\u00e9, bien entendu de quoi il s&rsquo;agit, en l&rsquo;occurrence la vari\u00e9t\u00e9, mais aussi la date du d\u00e9p\u00f4t, les recommandations \u00e9ventuelles ainsi que le nom du donateur.<\/p>\n<p style=\"text-align: justify;\">\n<a href=\"http:\/\/marommeactu.fr\/wp-content\/uploads\/2018\/01\/Resized_20180113_154618.jpg\"><img loading=\"lazy\" decoding=\"async\" class=\"alignnone size-full wp-image-3560\" src=\"http:\/\/marommeactu.fr\/wp-content\/uploads\/2018\/01\/Resized_20180113_154618.jpg\" alt=\"Resized_20180113_154618\" width=\"898\" height=\"720\" srcset=\"https:\/\/marommeactu.fr\/wp-content\/uploads\/2018\/01\/Resized_20180113_154618.jpg 898w, https:\/\/marommeactu.fr\/wp-content\/uploads\/2018\/01\/Resized_20180113_154618-300x241.jpg 300w, https:\/\/marommeactu.fr\/wp-content\/uploads\/2018\/01\/Resized_20180113_154618-768x616.jpg 768w, https:\/\/marommeactu.fr\/wp-content\/uploads\/2018\/01\/Resized_20180113_154618-374x300.jpg 374w\" sizes=\"(max-width: 898px) 100vw, 898px\" \/><\/a><\/p>\n<p style=\"text-align: justify;\"><a href=\"http:\/\/marommeactu.fr\/wp-content\/uploads\/2018\/01\/Resized_20180117_153913.jpg\"><img loading=\"lazy\" decoding=\"async\" class=\"alignnone  wp-image-3563\" src=\"http:\/\/marommeactu.fr\/wp-content\/uploads\/2018\/01\/Resized_20180117_153913.jpg\" alt=\"Resized_20180117_153913\" width=\"895\" height=\"673\" srcset=\"https:\/\/marommeactu.fr\/wp-content\/uploads\/2018\/01\/Resized_20180117_153913-300x225.jpg 300w, https:\/\/marommeactu.fr\/wp-content\/uploads\/2018\/01\/Resized_20180117_153913-400x300.jpg 400w\" sizes=\"(max-width: 895px) 100vw, 895px\" \/><\/a><\/p>\n<p>Samedi dernier, les biblioth\u00e8ques avaient organis\u00e9 un autre atelier en direction des plus jeunes qui consistait \u00e0 la cr\u00e9ation de petits pots destin\u00e9s aux germes.<\/p>\n<p><a href=\"http:\/\/marommeactu.fr\/wp-content\/uploads\/2018\/01\/Resized_20180117_155818.jpg\"><img loading=\"lazy\" decoding=\"async\" class=\"alignnone size-full wp-image-3564\" src=\"http:\/\/marommeactu.fr\/wp-content\/uploads\/2018\/01\/Resized_20180117_155818.jpg\" alt=\"Resized_20180117_155818\" width=\"960\" height=\"720\" srcset=\"https:\/\/marommeactu.fr\/wp-content\/uploads\/2018\/01\/Resized_20180117_155818.jpg 960w, https:\/\/marommeactu.fr\/wp-content\/uploads\/2018\/01\/Resized_20180117_155818-300x225.jpg 300w, https:\/\/marommeactu.fr\/wp-content\/uploads\/2018\/01\/Resized_20180117_155818-768x576.jpg 768w, https:\/\/marommeactu.fr\/wp-content\/uploads\/2018\/01\/Resized_20180117_155818-400x300.jpg 400w\" sizes=\"(max-width: 960px) 100vw, 960px\" \/><\/a><br \/>\nProchain rendez-vous :<br \/>\n<strong>Atelier Herbier<\/strong><br \/>\n<strong>Samedi 27 janvier \u00e0 15 heures \u00e0 la m\u00e9diath\u00e8que le S\u00e9quo\u00efa<\/strong><br \/>\n<em>\u00c0 partir de 8 ans &#8211; Pr\u00e9sence d&rsquo;un parent obligatoire<\/em><br \/>\nRenseignements : <strong>02 76 08 17 00<\/strong><\/p>\n","protected":false},"excerpt":{"rendered":"<p>Les pr\u00e9paratifs en vue de l&rsquo;installation d&rsquo;une grainoth\u00e8que au sein de la m\u00e9diath\u00e8que se multiplient. Hier, plusieurs habitants sont venus mettre la main \u00e0 la p\u00e2te pour la confection des enveloppes qui serviront \u00e0 accueillir les semences. Volontaires pour ce travail de pliage et de collage, cette participation montrait l&rsquo;enthousiasme et l&rsquo;int\u00e9r\u00eat suscit\u00e9 par la&#8230; <\/p>\n<div class=\"link-more\"><a href=\"https:\/\/marommeactu.fr\/?p=3559\">En savoir plus<\/a><\/div>\n","protected":false},"author":1,"featured_media":3562,"comment_status":"closed","ping_status":"closed","sticky":false,"template":"","format":"standard","meta":{"footnotes":""},"categories":[4,5],"tags":[],"_links":{"self":[{"href":"https:\/\/marommeactu.fr\/index.php?rest_route=\/wp\/v2\/posts\/3559"}],"collection":[{"href":"https:\/\/marommeactu.fr\/index.php?rest_route=\/wp\/v2\/posts"}],"about":[{"href":"https:\/\/marommeactu.fr\/index.php?rest_route=\/wp\/v2\/types\/post"}],"author":[{"embeddable":true,"href":"https:\/\/marommeactu.fr\/index.php?rest_route=\/wp\/v2\/users\/1"}],"replies":[{"embeddable":true,"href":"https:\/\/marommeactu.fr\/index.php?rest_route=%2Fwp%2Fv2%2Fcomments&post=3559"}],"version-history":[{"count":3,"href":"https:\/\/marommeactu.fr\/index.php?rest_route=\/wp\/v2\/posts\/3559\/revisions"}],"predecessor-version":[{"id":3567,"href":"https:\/\/marommeactu.fr\/index.php?rest_route=\/wp\/v2\/posts\/3559\/revisions\/3567"}],"wp:featuredmedia":[{"embeddable":true,"href":"https:\/\/marommeactu.fr\/index.php?rest_route=\/wp\/v2\/media\/3562"}],"wp:attachment":[{"href":"https:\/\/marommeactu.fr\/index.php?rest_route=%2Fwp%2Fv2%2Fmedia&parent=3559"}],"wp:term":[{"taxonomy":"category","embeddable":true,"href":"https:\/\/marommeactu.fr\/index.php?rest_route=%2Fwp%2Fv2%2Fcategories&post=3559"},{"taxonomy":"post_tag","embeddable":true,"href":"https:\/\/marommeactu.fr\/index.php?rest_route=%2Fwp%2Fv2%2Ftags&post=3559"}],"curies":[{"name":"wp","href":"https:\/\/api.w.org\/{rel}","templated":true}]}}