{"id":3305,"date":"2017-12-15T14:58:50","date_gmt":"2017-12-15T13:58:50","guid":{"rendered":"http:\/\/marommeactu.fr\/?p=3305"},"modified":"2017-12-15T14:58:50","modified_gmt":"2017-12-15T13:58:50","slug":"rythmes-scolaires-votre-avis-compte","status":"publish","type":"post","link":"https:\/\/marommeactu.fr\/?p=3305","title":{"rendered":"Rythmes scolaires : Votre avis compte !"},"content":{"rendered":"<p style=\"text-align: justify;\"><a href=\"http:\/\/marommeactu.fr\/wp-content\/uploads\/2017\/12\/rythmes-scol2.jpg\"><img loading=\"lazy\" decoding=\"async\" class=\"alignnone size-large wp-image-3306\" src=\"http:\/\/marommeactu.fr\/wp-content\/uploads\/2017\/12\/rythmes-scol2-764x1024.jpg\" alt=\"rythmes scol2\" width=\"764\" height=\"1024\" srcset=\"https:\/\/marommeactu.fr\/wp-content\/uploads\/2017\/12\/rythmes-scol2-764x1024.jpg 764w, https:\/\/marommeactu.fr\/wp-content\/uploads\/2017\/12\/rythmes-scol2-224x300.jpg 224w, https:\/\/marommeactu.fr\/wp-content\/uploads\/2017\/12\/rythmes-scol2-768x1030.jpg 768w, https:\/\/marommeactu.fr\/wp-content\/uploads\/2017\/12\/rythmes-scol2.jpg 1356w\" sizes=\"(max-width: 764px) 100vw, 764px\" \/><\/a><\/p>\n<p style=\"text-align: justify;\">Depuis 2013, les jeunes \u00e9l\u00e8ves marommais b\u00e9n\u00e9ficient d\u2019un am\u00e9nagement des rythmes scolaires d\u00e9ploy\u00e9 sur 4 jours et demi. Le ministre de l\u2019\u00c9ducation Nationale a propos\u00e9 en juin 2017 aux communes qui le souhaitent de revenir sur une organisation de la semaine d\u2019\u00e9cole r\u00e9partie en 4 jours. Afin de r\u00e9pondre au mieux aux besoins des familles, l\u2019\u00e9quipe municipale de la Ville de Maromme souhaite conna\u00eetre votre avis sur l\u2019am\u00e9nagement des rythmes scolaires.<\/p>\n<p style=\"text-align: justify;\">Il suffit de quelques instants pour r\u00e9pondre \u00e0 ce questionnaire en ligne<br \/>\nDonner son avis : <a href=\"http:\/\/www.maromme.fr\">www.maromme.fr<\/a><\/p>\n","protected":false},"excerpt":{"rendered":"<p>Depuis 2013, les jeunes \u00e9l\u00e8ves marommais b\u00e9n\u00e9ficient d\u2019un am\u00e9nagement des rythmes scolaires d\u00e9ploy\u00e9 sur 4 jours et demi. Le ministre de l\u2019\u00c9ducation Nationale a propos\u00e9 en juin 2017 aux communes qui le souhaitent de revenir sur une organisation de la semaine d\u2019\u00e9cole r\u00e9partie en 4 jours. Afin de r\u00e9pondre au mieux aux besoins des familles,&#8230; <\/p>\n<div class=\"link-more\"><a href=\"https:\/\/marommeactu.fr\/?p=3305\">En savoir plus<\/a><\/div>\n","protected":false},"author":1,"featured_media":3306,"comment_status":"closed","ping_status":"closed","sticky":false,"template":"","format":"standard","meta":{"footnotes":""},"categories":[4],"tags":[],"_links":{"self":[{"href":"https:\/\/marommeactu.fr\/index.php?rest_route=\/wp\/v2\/posts\/3305"}],"collection":[{"href":"https:\/\/marommeactu.fr\/index.php?rest_route=\/wp\/v2\/posts"}],"about":[{"href":"https:\/\/marommeactu.fr\/index.php?rest_route=\/wp\/v2\/types\/post"}],"author":[{"embeddable":true,"href":"https:\/\/marommeactu.fr\/index.php?rest_route=\/wp\/v2\/users\/1"}],"replies":[{"embeddable":true,"href":"https:\/\/marommeactu.fr\/index.php?rest_route=%2Fwp%2Fv2%2Fcomments&post=3305"}],"version-history":[{"count":1,"href":"https:\/\/marommeactu.fr\/index.php?rest_route=\/wp\/v2\/posts\/3305\/revisions"}],"predecessor-version":[{"id":3307,"href":"https:\/\/marommeactu.fr\/index.php?rest_route=\/wp\/v2\/posts\/3305\/revisions\/3307"}],"wp:featuredmedia":[{"embeddable":true,"href":"https:\/\/marommeactu.fr\/index.php?rest_route=\/wp\/v2\/media\/3306"}],"wp:attachment":[{"href":"https:\/\/marommeactu.fr\/index.php?rest_route=%2Fwp%2Fv2%2Fmedia&parent=3305"}],"wp:term":[{"taxonomy":"category","embeddable":true,"href":"https:\/\/marommeactu.fr\/index.php?rest_route=%2Fwp%2Fv2%2Fcategories&post=3305"},{"taxonomy":"post_tag","embeddable":true,"href":"https:\/\/marommeactu.fr\/index.php?rest_route=%2Fwp%2Fv2%2Ftags&post=3305"}],"curies":[{"name":"wp","href":"https:\/\/api.w.org\/{rel}","templated":true}]}}