{"id":3299,"date":"2017-12-14T10:31:24","date_gmt":"2017-12-14T09:31:24","guid":{"rendered":"http:\/\/marommeactu.fr\/?p=3299"},"modified":"2017-12-14T10:31:24","modified_gmt":"2017-12-14T09:31:24","slug":"extension-de-la-pommeraie","status":"publish","type":"post","link":"https:\/\/marommeactu.fr\/?p=3299","title":{"rendered":"Extension de la pommeraie"},"content":{"rendered":"<p>Ce matin, les agents des services techniques ont proc\u00e9d\u00e9 \u00e0 la plantation de nouveaux pommiers sur l&rsquo;extension du square de Norderstedt. En effet, suite \u00e0 la d\u00e9construction de deux maisons de ville il y a quelques mois, la Ville avait souhait\u00e9 r\u00e9server cet espace au prolongement de la pommeraie d\u00e9j\u00e0 existante. M\u00eame si cette extension se situe en marge du vaste projet de cheminement pi\u00e9tonnier,\u00a0 \u00ab\u00a0l&rsquo;Avenue Verte\u00a0\u00bb, cette nouvelle plantation illustre l&rsquo;attachement de Maromme envers son cadre de vie et son engagement vis-\u00e0-vis de l&rsquo;environnement.<\/p>\n<p><a href=\"http:\/\/marommeactu.fr\/wp-content\/uploads\/2017\/12\/MG_7704.jpg\"><img loading=\"lazy\" decoding=\"async\" class=\"alignnone size-full wp-image-3302\" src=\"http:\/\/marommeactu.fr\/wp-content\/uploads\/2017\/12\/MG_7704.jpg\" alt=\"_MG_7704\" width=\"1800\" height=\"1200\" srcset=\"https:\/\/marommeactu.fr\/wp-content\/uploads\/2017\/12\/MG_7704.jpg 1800w, https:\/\/marommeactu.fr\/wp-content\/uploads\/2017\/12\/MG_7704-300x200.jpg 300w, https:\/\/marommeactu.fr\/wp-content\/uploads\/2017\/12\/MG_7704-768x512.jpg 768w, https:\/\/marommeactu.fr\/wp-content\/uploads\/2017\/12\/MG_7704-1024x683.jpg 1024w, https:\/\/marommeactu.fr\/wp-content\/uploads\/2017\/12\/MG_7704-288x192.jpg 288w, https:\/\/marommeactu.fr\/wp-content\/uploads\/2017\/12\/MG_7704-960x640.jpg 960w, https:\/\/marommeactu.fr\/wp-content\/uploads\/2017\/12\/MG_7704-450x300.jpg 450w\" sizes=\"(max-width: 1800px) 100vw, 1800px\" \/><\/a><\/p>\n","protected":false},"excerpt":{"rendered":"<p>Ce matin, les agents des services techniques ont proc\u00e9d\u00e9 \u00e0 la plantation de nouveaux pommiers sur l&rsquo;extension du square de Norderstedt. En effet, suite \u00e0 la d\u00e9construction de deux maisons de ville il y a quelques mois, la Ville avait souhait\u00e9 r\u00e9server cet espace au prolongement de la pommeraie d\u00e9j\u00e0 existante. M\u00eame si cette extension&#8230; <\/p>\n<div class=\"link-more\"><a href=\"https:\/\/marommeactu.fr\/?p=3299\">En savoir plus<\/a><\/div>\n","protected":false},"author":1,"featured_media":3301,"comment_status":"closed","ping_status":"closed","sticky":false,"template":"","format":"standard","meta":{"footnotes":""},"categories":[4],"tags":[],"_links":{"self":[{"href":"https:\/\/marommeactu.fr\/index.php?rest_route=\/wp\/v2\/posts\/3299"}],"collection":[{"href":"https:\/\/marommeactu.fr\/index.php?rest_route=\/wp\/v2\/posts"}],"about":[{"href":"https:\/\/marommeactu.fr\/index.php?rest_route=\/wp\/v2\/types\/post"}],"author":[{"embeddable":true,"href":"https:\/\/marommeactu.fr\/index.php?rest_route=\/wp\/v2\/users\/1"}],"replies":[{"embeddable":true,"href":"https:\/\/marommeactu.fr\/index.php?rest_route=%2Fwp%2Fv2%2Fcomments&post=3299"}],"version-history":[{"count":1,"href":"https:\/\/marommeactu.fr\/index.php?rest_route=\/wp\/v2\/posts\/3299\/revisions"}],"predecessor-version":[{"id":3303,"href":"https:\/\/marommeactu.fr\/index.php?rest_route=\/wp\/v2\/posts\/3299\/revisions\/3303"}],"wp:featuredmedia":[{"embeddable":true,"href":"https:\/\/marommeactu.fr\/index.php?rest_route=\/wp\/v2\/media\/3301"}],"wp:attachment":[{"href":"https:\/\/marommeactu.fr\/index.php?rest_route=%2Fwp%2Fv2%2Fmedia&parent=3299"}],"wp:term":[{"taxonomy":"category","embeddable":true,"href":"https:\/\/marommeactu.fr\/index.php?rest_route=%2Fwp%2Fv2%2Fcategories&post=3299"},{"taxonomy":"post_tag","embeddable":true,"href":"https:\/\/marommeactu.fr\/index.php?rest_route=%2Fwp%2Fv2%2Ftags&post=3299"}],"curies":[{"name":"wp","href":"https:\/\/api.w.org\/{rel}","templated":true}]}}