{"id":3152,"date":"2017-11-24T14:23:18","date_gmt":"2017-11-24T13:23:18","guid":{"rendered":"http:\/\/marommeactu.fr\/?p=3152"},"modified":"2017-11-24T14:23:18","modified_gmt":"2017-11-24T13:23:18","slug":"miel-le-sequoia-le-cru-2017-est-arrive","status":"publish","type":"post","link":"https:\/\/marommeactu.fr\/?p=3152","title":{"rendered":"\u00ab\u00a0Miel Le S\u00e9quo\u00efa\u00a0\u00bb : Le cru 2017 est arriv\u00e9 !"},"content":{"rendered":"<p style=\"text-align: justify;\"><a href=\"http:\/\/marommeactu.fr\/wp-content\/uploads\/2017\/11\/MG_6848.jpg\"><img loading=\"lazy\" decoding=\"async\" class=\"alignnone size-large wp-image-3155\" src=\"http:\/\/marommeactu.fr\/wp-content\/uploads\/2017\/11\/MG_6848-683x1024.jpg\" alt=\"_MG_6848\" width=\"683\" height=\"1024\" srcset=\"https:\/\/marommeactu.fr\/wp-content\/uploads\/2017\/11\/MG_6848-683x1024.jpg 683w, https:\/\/marommeactu.fr\/wp-content\/uploads\/2017\/11\/MG_6848-200x300.jpg 200w, https:\/\/marommeactu.fr\/wp-content\/uploads\/2017\/11\/MG_6848-768x1152.jpg 768w, https:\/\/marommeactu.fr\/wp-content\/uploads\/2017\/11\/MG_6848.jpg 1667w\" sizes=\"(max-width: 683px) 100vw, 683px\" \/><\/a><\/p>\n<p style=\"text-align: justify;\">Ce matin, c&rsquo;\u00e9tait jour livraison \u00e0 l&rsquo;H\u00f4tel de Ville.\u00a0 Les apiculteurs de l&rsquo;entreprise Interm&rsquo;Aide sont venus remettre \u00e0 Didier Hardy, adjoint, un pr\u00e9cieux nectar, \u00e0 savoir le \u00ab\u00a0Miel Le S\u00e9quo\u00efa\u00a0\u00bb. Pour m\u00e9moire, afin de sauvegarder les abeilles, esp\u00e8ce class\u00e9e officiellement en voie de disparition depuis septembre 2016 et pourtant indispensable \u00e0 la pollinisation, la Ville d\u00e9cidait, en juillet de la m\u00eame ann\u00e9e, de s&rsquo;engager en installant trois ruches sur le toit v\u00e9g\u00e9talis\u00e9 de la m\u00e9diath\u00e8que le S\u00e9quo\u00efa. Quelques mois plus tard, une premi\u00e8re r\u00e9colte avait permis de produire 5kg de miel. Apr\u00e8s une ann\u00e9e enti\u00e8re juch\u00e9es au dessus du square de Norderstedt, les quelques 150 000 abeilles que comptent les trois ruches ont cette fois offert 50kg de miel, \u00ab\u00a0<em>signe du bon fonctionnement et de la bonne sant\u00e9 de l\u2019essaim<\/em>\u00a0\u00bb confiait l&rsquo;un des apiculteurs.<\/p>\n","protected":false},"excerpt":{"rendered":"<p>Ce matin, c&rsquo;\u00e9tait jour livraison \u00e0 l&rsquo;H\u00f4tel de Ville.\u00a0 Les apiculteurs de l&rsquo;entreprise Interm&rsquo;Aide sont venus remettre \u00e0 Didier Hardy, adjoint, un pr\u00e9cieux nectar, \u00e0 savoir le \u00ab\u00a0Miel Le S\u00e9quo\u00efa\u00a0\u00bb. Pour m\u00e9moire, afin de sauvegarder les abeilles, esp\u00e8ce class\u00e9e officiellement en voie de disparition depuis septembre 2016 et pourtant indispensable \u00e0 la pollinisation, la Ville&#8230; <\/p>\n<div class=\"link-more\"><a href=\"https:\/\/marommeactu.fr\/?p=3152\">En savoir plus<\/a><\/div>\n","protected":false},"author":1,"featured_media":3154,"comment_status":"closed","ping_status":"closed","sticky":false,"template":"","format":"standard","meta":{"footnotes":""},"categories":[4],"tags":[],"_links":{"self":[{"href":"https:\/\/marommeactu.fr\/index.php?rest_route=\/wp\/v2\/posts\/3152"}],"collection":[{"href":"https:\/\/marommeactu.fr\/index.php?rest_route=\/wp\/v2\/posts"}],"about":[{"href":"https:\/\/marommeactu.fr\/index.php?rest_route=\/wp\/v2\/types\/post"}],"author":[{"embeddable":true,"href":"https:\/\/marommeactu.fr\/index.php?rest_route=\/wp\/v2\/users\/1"}],"replies":[{"embeddable":true,"href":"https:\/\/marommeactu.fr\/index.php?rest_route=%2Fwp%2Fv2%2Fcomments&post=3152"}],"version-history":[{"count":1,"href":"https:\/\/marommeactu.fr\/index.php?rest_route=\/wp\/v2\/posts\/3152\/revisions"}],"predecessor-version":[{"id":3156,"href":"https:\/\/marommeactu.fr\/index.php?rest_route=\/wp\/v2\/posts\/3152\/revisions\/3156"}],"wp:featuredmedia":[{"embeddable":true,"href":"https:\/\/marommeactu.fr\/index.php?rest_route=\/wp\/v2\/media\/3154"}],"wp:attachment":[{"href":"https:\/\/marommeactu.fr\/index.php?rest_route=%2Fwp%2Fv2%2Fmedia&parent=3152"}],"wp:term":[{"taxonomy":"category","embeddable":true,"href":"https:\/\/marommeactu.fr\/index.php?rest_route=%2Fwp%2Fv2%2Fcategories&post=3152"},{"taxonomy":"post_tag","embeddable":true,"href":"https:\/\/marommeactu.fr\/index.php?rest_route=%2Fwp%2Fv2%2Ftags&post=3152"}],"curies":[{"name":"wp","href":"https:\/\/api.w.org\/{rel}","templated":true}]}}