{"id":3147,"date":"2017-11-24T11:28:03","date_gmt":"2017-11-24T10:28:03","guid":{"rendered":"http:\/\/marommeactu.fr\/?p=3147"},"modified":"2017-11-24T11:28:03","modified_gmt":"2017-11-24T10:28:03","slug":"des-enfants-et-des-arbres","status":"publish","type":"post","link":"https:\/\/marommeactu.fr\/?p=3147","title":{"rendered":"Des enfants et des arbres"},"content":{"rendered":"<p style=\"text-align: justify;\"><a href=\"http:\/\/marommeactu.fr\/wp-content\/uploads\/2017\/11\/Arbre-6901.jpg\"><img loading=\"lazy\" decoding=\"async\" class=\"alignnone size-large wp-image-3148\" src=\"http:\/\/marommeactu.fr\/wp-content\/uploads\/2017\/11\/Arbre-6901-683x1024.jpg\" alt=\"Arbre-6901\" width=\"683\" height=\"1024\" srcset=\"https:\/\/marommeactu.fr\/wp-content\/uploads\/2017\/11\/Arbre-6901-683x1024.jpg 683w, https:\/\/marommeactu.fr\/wp-content\/uploads\/2017\/11\/Arbre-6901-200x300.jpg 200w, https:\/\/marommeactu.fr\/wp-content\/uploads\/2017\/11\/Arbre-6901-768x1152.jpg 768w, https:\/\/marommeactu.fr\/wp-content\/uploads\/2017\/11\/Arbre-6901.jpg 1000w\" sizes=\"(max-width: 683px) 100vw, 683px\" \/><\/a><\/p>\n<p style=\"text-align: justify;\">L&rsquo;image est forte, symbolique. Des enfants sont rassembl\u00e9s ce matin en for\u00eat (d&rsquo;autres viendront cet apr\u00e8s-midi) pour y planter des arbres et ainsi contribuer \u00e0 la pr\u00e9servation de cet espace naturel. Impuls\u00e9e conjointement par la Municipalit\u00e9 de Maromme et l&rsquo;Office National des for\u00eats, cette initiative vise, au-del\u00e0 de ce reboisement programm\u00e9, \u00e0 mettre en lumi\u00e8re aupr\u00e8s du grand public ce patrimoine pr\u00e9cieux situ\u00e9 en coeur de ville.\u00a0 Avec le soutien des professionnels de l&rsquo;Office National des For\u00eats, des \u00e9lus, des collaborateurs de la Ville de Maromme (Services Techniques en t\u00eate), les jeunes \u00e9coliers\u00a0 accompagn\u00e9s de leurs enseignants ont pour mission aujourd&rsquo;hui de planter 500 ch\u00e2taigniers et 200 ch\u00eanes sessiles ainsi qu&rsquo;une centaine de feuillus. 266 enfants des \u00e9coles Jules Ferry et Gustave Flaubert de Maromme participent \u00e0 cet \u00e9v\u00e9nement citoyen. \u00ab\u00a0<em>L&rsquo;occasion \u00e9tait trop belle<\/em>\u00a0\u00bb se r\u00e9jouit David Lamiray. \u00ab\u00a0<em>La protection et la sauvegarde de notre environnement n&rsquo;ont de sens que si elles sont p\u00e9rennes. Sensibiliser les jeunes g\u00e9n\u00e9rations n&rsquo;est pas seulement leur transmettre un savoir ou des recommandations. C&rsquo;est les impliquer r\u00e9ellement, leur donner la possibilit\u00e9 de devenir acteurs. (<\/em>\u2026) <em>\u00c0 travers cette exp\u00e9rience, il s&rsquo;approprient la for\u00eat<\/em>\u00ab\u00a0.<\/p>\n","protected":false},"excerpt":{"rendered":"<p>L&rsquo;image est forte, symbolique. Des enfants sont rassembl\u00e9s ce matin en for\u00eat (d&rsquo;autres viendront cet apr\u00e8s-midi) pour y planter des arbres et ainsi contribuer \u00e0 la pr\u00e9servation de cet espace naturel. Impuls\u00e9e conjointement par la Municipalit\u00e9 de Maromme et l&rsquo;Office National des for\u00eats, cette initiative vise, au-del\u00e0 de ce reboisement programm\u00e9, \u00e0 mettre en lumi\u00e8re&#8230; <\/p>\n<div class=\"link-more\"><a href=\"https:\/\/marommeactu.fr\/?p=3147\">En savoir plus<\/a><\/div>\n","protected":false},"author":1,"featured_media":3149,"comment_status":"closed","ping_status":"closed","sticky":false,"template":"","format":"standard","meta":{"footnotes":""},"categories":[4],"tags":[],"_links":{"self":[{"href":"https:\/\/marommeactu.fr\/index.php?rest_route=\/wp\/v2\/posts\/3147"}],"collection":[{"href":"https:\/\/marommeactu.fr\/index.php?rest_route=\/wp\/v2\/posts"}],"about":[{"href":"https:\/\/marommeactu.fr\/index.php?rest_route=\/wp\/v2\/types\/post"}],"author":[{"embeddable":true,"href":"https:\/\/marommeactu.fr\/index.php?rest_route=\/wp\/v2\/users\/1"}],"replies":[{"embeddable":true,"href":"https:\/\/marommeactu.fr\/index.php?rest_route=%2Fwp%2Fv2%2Fcomments&post=3147"}],"version-history":[{"count":2,"href":"https:\/\/marommeactu.fr\/index.php?rest_route=\/wp\/v2\/posts\/3147\/revisions"}],"predecessor-version":[{"id":3151,"href":"https:\/\/marommeactu.fr\/index.php?rest_route=\/wp\/v2\/posts\/3147\/revisions\/3151"}],"wp:featuredmedia":[{"embeddable":true,"href":"https:\/\/marommeactu.fr\/index.php?rest_route=\/wp\/v2\/media\/3149"}],"wp:attachment":[{"href":"https:\/\/marommeactu.fr\/index.php?rest_route=%2Fwp%2Fv2%2Fmedia&parent=3147"}],"wp:term":[{"taxonomy":"category","embeddable":true,"href":"https:\/\/marommeactu.fr\/index.php?rest_route=%2Fwp%2Fv2%2Fcategories&post=3147"},{"taxonomy":"post_tag","embeddable":true,"href":"https:\/\/marommeactu.fr\/index.php?rest_route=%2Fwp%2Fv2%2Ftags&post=3147"}],"curies":[{"name":"wp","href":"https:\/\/api.w.org\/{rel}","templated":true}]}}