{"id":3091,"date":"2017-11-14T17:27:40","date_gmt":"2017-11-14T16:27:40","guid":{"rendered":"http:\/\/marommeactu.fr\/?p=3091"},"modified":"2017-11-14T17:27:40","modified_gmt":"2017-11-14T16:27:40","slug":"les-eleves-en-lice","status":"publish","type":"post","link":"https:\/\/marommeactu.fr\/?p=3091","title":{"rendered":"Les \u00e9l\u00e8ves en lice"},"content":{"rendered":"<p style=\"text-align: justify;\"><a href=\"http:\/\/marommeactu.fr\/wp-content\/uploads\/2017\/11\/MG_6395.jpg\"><img loading=\"lazy\" decoding=\"async\" class=\"alignnone size-large wp-image-3093\" src=\"http:\/\/marommeactu.fr\/wp-content\/uploads\/2017\/11\/MG_6395-1024x683.jpg\" alt=\"_MG_6395\" width=\"1000\" height=\"667\" srcset=\"https:\/\/marommeactu.fr\/wp-content\/uploads\/2017\/11\/MG_6395-1024x683.jpg 1024w, https:\/\/marommeactu.fr\/wp-content\/uploads\/2017\/11\/MG_6395-300x200.jpg 300w, https:\/\/marommeactu.fr\/wp-content\/uploads\/2017\/11\/MG_6395-768x512.jpg 768w, https:\/\/marommeactu.fr\/wp-content\/uploads\/2017\/11\/MG_6395-288x192.jpg 288w, https:\/\/marommeactu.fr\/wp-content\/uploads\/2017\/11\/MG_6395-960x640.jpg 960w, https:\/\/marommeactu.fr\/wp-content\/uploads\/2017\/11\/MG_6395-450x300.jpg 450w, https:\/\/marommeactu.fr\/wp-content\/uploads\/2017\/11\/MG_6395.jpg 1200w\" sizes=\"(max-width: 1000px) 100vw, 1000px\" \/><\/a><\/p>\n<p style=\"text-align: justify;\">Ce matin, 260 \u00e9l\u00e8ves des classes de CM1 et CM2 de toutes les \u00e9coles de la ville se sont retrouv\u00e9s sur le Parc de Signa pour y disputer le traditionnel cross des \u00e9coles. Encadr\u00e9s par les enseignants et les \u00e9ducateurs sportifs municipaux, les \u00e9l\u00e8ves avaient \u00e0 parcourir\u00a0 1 500 m\u00e8tres. Quatre courses\u00a0 se sont succ\u00e9d\u00e9es (CM1 filles, CM1 gar\u00e7ons, CM2 filles et CM2 gar\u00e7ons) permettant \u00e0 chacun d&rsquo;\u00eatre tour \u00e0 tour supporter et coureur. Les supporters n&rsquo;ont d&rsquo;ailleurs pas manqu\u00e9 de voix pour encourager leurs camarades malgr\u00e9 la fra\u00eecheur matinale. Cette course marquait l&rsquo;aboutissement d&rsquo;un cycle, dispens\u00e9 par les \u00e9ducateurs sportifs municipaux, et consacr\u00e9 \u00e0 <em>la pr\u00e9paration \u00e0 l&rsquo;endurance<\/em>. Jeudi prochain, ce sera le tour des CE2 de Maromme de s&rsquo;\u00e9lancer sur la piste pour leur cross.<\/p>\n<p style=\"text-align: justify;\">Podium CM1 filles<\/p>\n<p style=\"text-align: justify;\"><a href=\"http:\/\/marommeactu.fr\/wp-content\/uploads\/2017\/11\/MG_6438.jpg\"><img loading=\"lazy\" decoding=\"async\" class=\"alignnone size-large wp-image-3095\" src=\"http:\/\/marommeactu.fr\/wp-content\/uploads\/2017\/11\/MG_6438-1024x683.jpg\" alt=\"_MG_6438\" width=\"1000\" height=\"667\" srcset=\"https:\/\/marommeactu.fr\/wp-content\/uploads\/2017\/11\/MG_6438-1024x683.jpg 1024w, https:\/\/marommeactu.fr\/wp-content\/uploads\/2017\/11\/MG_6438-300x200.jpg 300w, https:\/\/marommeactu.fr\/wp-content\/uploads\/2017\/11\/MG_6438-768x512.jpg 768w, https:\/\/marommeactu.fr\/wp-content\/uploads\/2017\/11\/MG_6438-288x192.jpg 288w, https:\/\/marommeactu.fr\/wp-content\/uploads\/2017\/11\/MG_6438-960x640.jpg 960w, https:\/\/marommeactu.fr\/wp-content\/uploads\/2017\/11\/MG_6438-450x300.jpg 450w, https:\/\/marommeactu.fr\/wp-content\/uploads\/2017\/11\/MG_6438.jpg 1200w\" sizes=\"(max-width: 1000px) 100vw, 1000px\" \/><\/a><\/p>\n<p style=\"text-align: justify;\">Podium CM1 Gar\u00e7ons<\/p>\n<p style=\"text-align: justify;\"><a href=\"http:\/\/marommeactu.fr\/wp-content\/uploads\/2017\/11\/MG_6442.jpg\"><img loading=\"lazy\" decoding=\"async\" class=\"alignnone size-large wp-image-3096\" src=\"http:\/\/marommeactu.fr\/wp-content\/uploads\/2017\/11\/MG_6442-1024x683.jpg\" alt=\"_MG_6442\" width=\"1000\" height=\"667\" srcset=\"https:\/\/marommeactu.fr\/wp-content\/uploads\/2017\/11\/MG_6442-1024x683.jpg 1024w, https:\/\/marommeactu.fr\/wp-content\/uploads\/2017\/11\/MG_6442-300x200.jpg 300w, https:\/\/marommeactu.fr\/wp-content\/uploads\/2017\/11\/MG_6442-768x512.jpg 768w, https:\/\/marommeactu.fr\/wp-content\/uploads\/2017\/11\/MG_6442-288x192.jpg 288w, https:\/\/marommeactu.fr\/wp-content\/uploads\/2017\/11\/MG_6442-960x640.jpg 960w, https:\/\/marommeactu.fr\/wp-content\/uploads\/2017\/11\/MG_6442-450x300.jpg 450w, https:\/\/marommeactu.fr\/wp-content\/uploads\/2017\/11\/MG_6442.jpg 1200w\" sizes=\"(max-width: 1000px) 100vw, 1000px\" \/><\/a><\/p>\n<p style=\"text-align: justify;\">Podium CM2 filles<\/p>\n<p style=\"text-align: justify;\"><a href=\"http:\/\/marommeactu.fr\/wp-content\/uploads\/2017\/11\/MG_6449.jpg\"><img loading=\"lazy\" decoding=\"async\" class=\"alignnone size-large wp-image-3094\" src=\"http:\/\/marommeactu.fr\/wp-content\/uploads\/2017\/11\/MG_6449-1024x683.jpg\" alt=\"_MG_6449\" width=\"1000\" height=\"667\" srcset=\"https:\/\/marommeactu.fr\/wp-content\/uploads\/2017\/11\/MG_6449-1024x683.jpg 1024w, https:\/\/marommeactu.fr\/wp-content\/uploads\/2017\/11\/MG_6449-300x200.jpg 300w, https:\/\/marommeactu.fr\/wp-content\/uploads\/2017\/11\/MG_6449-768x512.jpg 768w, https:\/\/marommeactu.fr\/wp-content\/uploads\/2017\/11\/MG_6449-288x192.jpg 288w, https:\/\/marommeactu.fr\/wp-content\/uploads\/2017\/11\/MG_6449-960x640.jpg 960w, https:\/\/marommeactu.fr\/wp-content\/uploads\/2017\/11\/MG_6449-450x300.jpg 450w, https:\/\/marommeactu.fr\/wp-content\/uploads\/2017\/11\/MG_6449.jpg 1200w\" sizes=\"(max-width: 1000px) 100vw, 1000px\" \/><\/a><\/p>\n<p style=\"text-align: justify;\">Podium CM2 Gar\u00e7ons<\/p>\n<p style=\"text-align: justify;\"><a href=\"http:\/\/marommeactu.fr\/wp-content\/uploads\/2017\/11\/MG_6455.jpg\"><img loading=\"lazy\" decoding=\"async\" class=\"alignnone size-large wp-image-3097\" src=\"http:\/\/marommeactu.fr\/wp-content\/uploads\/2017\/11\/MG_6455-1024x683.jpg\" alt=\"_MG_6455\" width=\"1000\" height=\"667\" srcset=\"https:\/\/marommeactu.fr\/wp-content\/uploads\/2017\/11\/MG_6455-1024x683.jpg 1024w, https:\/\/marommeactu.fr\/wp-content\/uploads\/2017\/11\/MG_6455-300x200.jpg 300w, https:\/\/marommeactu.fr\/wp-content\/uploads\/2017\/11\/MG_6455-768x512.jpg 768w, https:\/\/marommeactu.fr\/wp-content\/uploads\/2017\/11\/MG_6455-288x192.jpg 288w, https:\/\/marommeactu.fr\/wp-content\/uploads\/2017\/11\/MG_6455-960x640.jpg 960w, https:\/\/marommeactu.fr\/wp-content\/uploads\/2017\/11\/MG_6455-450x300.jpg 450w, https:\/\/marommeactu.fr\/wp-content\/uploads\/2017\/11\/MG_6455.jpg 1200w\" sizes=\"(max-width: 1000px) 100vw, 1000px\" \/><\/a><\/p>\n<p style=\"text-align: justify;\">Dans quelques jours, un nouveau cycle d\u00e9butera pour les \u00e9l\u00e8ves de CM1 et CM2, cette fois-ci au tour des sports collectifs.<\/p>\n<p style=\"text-align: justify;\">\n<p>&nbsp;<\/p>\n","protected":false},"excerpt":{"rendered":"<p>Ce matin, 260 \u00e9l\u00e8ves des classes de CM1 et CM2 de toutes les \u00e9coles de la ville se sont retrouv\u00e9s sur le Parc de Signa pour y disputer le traditionnel cross des \u00e9coles. Encadr\u00e9s par les enseignants et les \u00e9ducateurs sportifs municipaux, les \u00e9l\u00e8ves avaient \u00e0 parcourir\u00a0 1 500 m\u00e8tres. Quatre courses\u00a0 se sont succ\u00e9d\u00e9es&#8230; <\/p>\n<div class=\"link-more\"><a href=\"https:\/\/marommeactu.fr\/?p=3091\">En savoir plus<\/a><\/div>\n","protected":false},"author":1,"featured_media":3098,"comment_status":"closed","ping_status":"closed","sticky":false,"template":"","format":"standard","meta":{"footnotes":""},"categories":[4],"tags":[],"_links":{"self":[{"href":"https:\/\/marommeactu.fr\/index.php?rest_route=\/wp\/v2\/posts\/3091"}],"collection":[{"href":"https:\/\/marommeactu.fr\/index.php?rest_route=\/wp\/v2\/posts"}],"about":[{"href":"https:\/\/marommeactu.fr\/index.php?rest_route=\/wp\/v2\/types\/post"}],"author":[{"embeddable":true,"href":"https:\/\/marommeactu.fr\/index.php?rest_route=\/wp\/v2\/users\/1"}],"replies":[{"embeddable":true,"href":"https:\/\/marommeactu.fr\/index.php?rest_route=%2Fwp%2Fv2%2Fcomments&post=3091"}],"version-history":[{"count":1,"href":"https:\/\/marommeactu.fr\/index.php?rest_route=\/wp\/v2\/posts\/3091\/revisions"}],"predecessor-version":[{"id":3099,"href":"https:\/\/marommeactu.fr\/index.php?rest_route=\/wp\/v2\/posts\/3091\/revisions\/3099"}],"wp:featuredmedia":[{"embeddable":true,"href":"https:\/\/marommeactu.fr\/index.php?rest_route=\/wp\/v2\/media\/3098"}],"wp:attachment":[{"href":"https:\/\/marommeactu.fr\/index.php?rest_route=%2Fwp%2Fv2%2Fmedia&parent=3091"}],"wp:term":[{"taxonomy":"category","embeddable":true,"href":"https:\/\/marommeactu.fr\/index.php?rest_route=%2Fwp%2Fv2%2Fcategories&post=3091"},{"taxonomy":"post_tag","embeddable":true,"href":"https:\/\/marommeactu.fr\/index.php?rest_route=%2Fwp%2Fv2%2Ftags&post=3091"}],"curies":[{"name":"wp","href":"https:\/\/api.w.org\/{rel}","templated":true}]}}