{"id":3055,"date":"2017-11-09T15:37:00","date_gmt":"2017-11-09T14:37:00","guid":{"rendered":"http:\/\/marommeactu.fr\/?p=3055"},"modified":"2017-11-09T15:37:00","modified_gmt":"2017-11-09T14:37:00","slug":"lavenue-verte-une-belle-perspective","status":"publish","type":"post","link":"https:\/\/marommeactu.fr\/?p=3055","title":{"rendered":"L&rsquo;Avenue Verte\u2026 une belle perspective"},"content":{"rendered":"<p style=\"text-align: justify;\"><a href=\"http:\/\/marommeactu.fr\/wp-content\/uploads\/2017\/11\/MG_6212.jpg\"><img loading=\"lazy\" decoding=\"async\" class=\"alignnone size-large wp-image-3056\" src=\"http:\/\/marommeactu.fr\/wp-content\/uploads\/2017\/11\/MG_6212-1024x683.jpg\" alt=\"_MG_6212\" width=\"1000\" height=\"667\" srcset=\"https:\/\/marommeactu.fr\/wp-content\/uploads\/2017\/11\/MG_6212-1024x683.jpg 1024w, https:\/\/marommeactu.fr\/wp-content\/uploads\/2017\/11\/MG_6212-300x200.jpg 300w, https:\/\/marommeactu.fr\/wp-content\/uploads\/2017\/11\/MG_6212-768x512.jpg 768w, https:\/\/marommeactu.fr\/wp-content\/uploads\/2017\/11\/MG_6212-288x192.jpg 288w, https:\/\/marommeactu.fr\/wp-content\/uploads\/2017\/11\/MG_6212-960x640.jpg 960w, https:\/\/marommeactu.fr\/wp-content\/uploads\/2017\/11\/MG_6212-450x300.jpg 450w, https:\/\/marommeactu.fr\/wp-content\/uploads\/2017\/11\/MG_6212.jpg 1800w\" sizes=\"(max-width: 1000px) 100vw, 1000px\" \/><\/a><\/p>\n<p style=\"text-align: justify;\">Une \u00e9tape importante, pour ne pas dire d\u00e9cisive, vient d\u2019\u00eatre franchie dans le projet de d\u00e9ploiement de l\u2019Avenue Verte. La d\u00e9construction de deux maisons de ville, rue de la R\u00e9publique, dans le prolongement exact du chemin de square de Norderstedt, offre une nouvelle et belle perspective vers la promenade de l\u2019Abb\u00e9 Gr\u00e9goire. L\u2019ambition de cette nouvelle Avenue Verte est d\u2019offrir \u00e0 chacun la possibilit\u00e9 de traverser la ville (de la rue du 8 mai au rond de la Demi-Lune) en toute tranquillit\u00e9, dans un cadre apais\u00e9 et verdoyant. C\u2019est aussi l\u00e0 l\u2019audace de ce projet en ce sens que les \u00e9lus ont choisi de lib\u00e9rer des m\u00e8tres carr\u00e9s en plein coeur de ville et de les consacrer non pas \u00e0 la construction de b\u00e2timents (logements, bureaux, entreprises&#8230;), mais \u00e0 la cr\u00e9ation d\u2019espaces verts. Peu de villes prennent ce parti-pris. Cet itin\u00e9raire pi\u00e9ton croisera prochainement la nouvelle piste cyclable.<\/p>\n<p style=\"text-align: justify;\"><a href=\"http:\/\/marommeactu.fr\/wp-content\/uploads\/2017\/11\/av2.jpg\"><img loading=\"lazy\" decoding=\"async\" class=\"alignnone size-large wp-image-3059\" src=\"http:\/\/marommeactu.fr\/wp-content\/uploads\/2017\/11\/av2-1024x683.jpg\" alt=\"av2\" width=\"1000\" height=\"667\" srcset=\"https:\/\/marommeactu.fr\/wp-content\/uploads\/2017\/11\/av2-1024x683.jpg 1024w, https:\/\/marommeactu.fr\/wp-content\/uploads\/2017\/11\/av2-300x200.jpg 300w, https:\/\/marommeactu.fr\/wp-content\/uploads\/2017\/11\/av2-768x512.jpg 768w, https:\/\/marommeactu.fr\/wp-content\/uploads\/2017\/11\/av2-288x192.jpg 288w, https:\/\/marommeactu.fr\/wp-content\/uploads\/2017\/11\/av2-960x640.jpg 960w, https:\/\/marommeactu.fr\/wp-content\/uploads\/2017\/11\/av2-450x300.jpg 450w, https:\/\/marommeactu.fr\/wp-content\/uploads\/2017\/11\/av2.jpg 1800w\" sizes=\"(max-width: 1000px) 100vw, 1000px\" \/><\/a><\/p>\n<p style=\"text-align: justify;\"><a href=\"http:\/\/marommeactu.fr\/wp-content\/uploads\/2017\/11\/MG_5913.jpg\"><img loading=\"lazy\" decoding=\"async\" class=\"alignnone size-large wp-image-3058\" src=\"http:\/\/marommeactu.fr\/wp-content\/uploads\/2017\/11\/MG_5913-1024x683.jpg\" alt=\"_MG_5913\" width=\"1000\" height=\"667\" srcset=\"https:\/\/marommeactu.fr\/wp-content\/uploads\/2017\/11\/MG_5913-1024x683.jpg 1024w, https:\/\/marommeactu.fr\/wp-content\/uploads\/2017\/11\/MG_5913-300x200.jpg 300w, https:\/\/marommeactu.fr\/wp-content\/uploads\/2017\/11\/MG_5913-768x512.jpg 768w, https:\/\/marommeactu.fr\/wp-content\/uploads\/2017\/11\/MG_5913-288x192.jpg 288w, https:\/\/marommeactu.fr\/wp-content\/uploads\/2017\/11\/MG_5913-960x640.jpg 960w, https:\/\/marommeactu.fr\/wp-content\/uploads\/2017\/11\/MG_5913-450x300.jpg 450w, https:\/\/marommeactu.fr\/wp-content\/uploads\/2017\/11\/MG_5913.jpg 1800w\" sizes=\"(max-width: 1000px) 100vw, 1000px\" \/><\/a><br \/>\nPar ailleurs, ce nouvel espace ouvert lib\u00e9r\u00e9 rue de la R\u00e9publique sera prochainement en vaste parvis. Cet am\u00e9nagement alliant min\u00e9ral et v\u00e9g\u00e9tal, dans l\u2019esprit de celui de la place Jean Jaur\u00e8s, s\u2019inscrit comme toujours dans une volont\u00e9 de d\u00e9cloisonnement. \u00c0 l\u2019instar du parvis de l\u2019espace culturel Beaumarchais o\u00f9 murets et cl\u00f4tures ont \u00e9t\u00e9 retir\u00e9s et au- del\u00e0 des am\u00e9nagements proprement dits, ce nouvel agencement va en effet offrir une perspective plus large, offrir un sentiment d\u2019ouverture vers la rivi\u00e8re propice \u00e0 la promenade.<\/p>\n<p style=\"text-align: justify;\"><a href=\"http:\/\/marommeactu.fr\/wp-content\/uploads\/2017\/11\/Parvis.jpg\"><img loading=\"lazy\" decoding=\"async\" class=\"alignnone size-large wp-image-3060\" src=\"http:\/\/marommeactu.fr\/wp-content\/uploads\/2017\/11\/Parvis-1024x642.jpg\" alt=\"Parvis\" width=\"1000\" height=\"627\" srcset=\"https:\/\/marommeactu.fr\/wp-content\/uploads\/2017\/11\/Parvis-1024x642.jpg 1024w, https:\/\/marommeactu.fr\/wp-content\/uploads\/2017\/11\/Parvis-300x188.jpg 300w, https:\/\/marommeactu.fr\/wp-content\/uploads\/2017\/11\/Parvis-768x481.jpg 768w, https:\/\/marommeactu.fr\/wp-content\/uploads\/2017\/11\/Parvis-479x300.jpg 479w, https:\/\/marommeactu.fr\/wp-content\/uploads\/2017\/11\/Parvis.jpg 1915w\" sizes=\"(max-width: 1000px) 100vw, 1000px\" \/><\/a><\/p>\n","protected":false},"excerpt":{"rendered":"<p>Une \u00e9tape importante, pour ne pas dire d\u00e9cisive, vient d\u2019\u00eatre franchie dans le projet de d\u00e9ploiement de l\u2019Avenue Verte. La d\u00e9construction de deux maisons de ville, rue de la R\u00e9publique, dans le prolongement exact du chemin de square de Norderstedt, offre une nouvelle et belle perspective vers la promenade de l\u2019Abb\u00e9 Gr\u00e9goire. L\u2019ambition de cette&#8230; <\/p>\n<div class=\"link-more\"><a href=\"https:\/\/marommeactu.fr\/?p=3055\">En savoir plus<\/a><\/div>\n","protected":false},"author":1,"featured_media":3057,"comment_status":"closed","ping_status":"closed","sticky":false,"template":"","format":"standard","meta":{"footnotes":""},"categories":[4],"tags":[],"_links":{"self":[{"href":"https:\/\/marommeactu.fr\/index.php?rest_route=\/wp\/v2\/posts\/3055"}],"collection":[{"href":"https:\/\/marommeactu.fr\/index.php?rest_route=\/wp\/v2\/posts"}],"about":[{"href":"https:\/\/marommeactu.fr\/index.php?rest_route=\/wp\/v2\/types\/post"}],"author":[{"embeddable":true,"href":"https:\/\/marommeactu.fr\/index.php?rest_route=\/wp\/v2\/users\/1"}],"replies":[{"embeddable":true,"href":"https:\/\/marommeactu.fr\/index.php?rest_route=%2Fwp%2Fv2%2Fcomments&post=3055"}],"version-history":[{"count":1,"href":"https:\/\/marommeactu.fr\/index.php?rest_route=\/wp\/v2\/posts\/3055\/revisions"}],"predecessor-version":[{"id":3061,"href":"https:\/\/marommeactu.fr\/index.php?rest_route=\/wp\/v2\/posts\/3055\/revisions\/3061"}],"wp:featuredmedia":[{"embeddable":true,"href":"https:\/\/marommeactu.fr\/index.php?rest_route=\/wp\/v2\/media\/3057"}],"wp:attachment":[{"href":"https:\/\/marommeactu.fr\/index.php?rest_route=%2Fwp%2Fv2%2Fmedia&parent=3055"}],"wp:term":[{"taxonomy":"category","embeddable":true,"href":"https:\/\/marommeactu.fr\/index.php?rest_route=%2Fwp%2Fv2%2Fcategories&post=3055"},{"taxonomy":"post_tag","embeddable":true,"href":"https:\/\/marommeactu.fr\/index.php?rest_route=%2Fwp%2Fv2%2Ftags&post=3055"}],"curies":[{"name":"wp","href":"https:\/\/api.w.org\/{rel}","templated":true}]}}