{"id":3049,"date":"2017-11-08T16:47:19","date_gmt":"2017-11-08T15:47:19","guid":{"rendered":"http:\/\/marommeactu.fr\/?p=3049"},"modified":"2017-11-08T16:47:19","modified_gmt":"2017-11-08T15:47:19","slug":"dialogue-avec-la-jeunesse","status":"publish","type":"post","link":"https:\/\/marommeactu.fr\/?p=3049","title":{"rendered":"Dialogue avec la jeunesse"},"content":{"rendered":"<p style=\"text-align: justify;\"><a href=\"http:\/\/marommeactu.fr\/wp-content\/uploads\/2017\/11\/IMG_20171108_161939915.jpg\"><img loading=\"lazy\" decoding=\"async\" class=\"alignnone size-large wp-image-3051\" src=\"http:\/\/marommeactu.fr\/wp-content\/uploads\/2017\/11\/IMG_20171108_161939915-1024x768.jpg\" alt=\"IMG_20171108_161939915\" width=\"1000\" height=\"750\" srcset=\"https:\/\/marommeactu.fr\/wp-content\/uploads\/2017\/11\/IMG_20171108_161939915-1024x768.jpg 1024w, https:\/\/marommeactu.fr\/wp-content\/uploads\/2017\/11\/IMG_20171108_161939915-300x225.jpg 300w, https:\/\/marommeactu.fr\/wp-content\/uploads\/2017\/11\/IMG_20171108_161939915-768x576.jpg 768w, https:\/\/marommeactu.fr\/wp-content\/uploads\/2017\/11\/IMG_20171108_161939915-400x300.jpg 400w, https:\/\/marommeactu.fr\/wp-content\/uploads\/2017\/11\/IMG_20171108_161939915.jpg 1440w\" sizes=\"(max-width: 1000px) 100vw, 1000px\" \/><\/a><\/p>\n<p style=\"text-align: justify;\">Ce soir, David Lamiray, entour\u00e9 de Marie-Claude Masurier, premi\u00e8re adjointe charg\u00e9e de l&rsquo;\u00c9ducation, de Jean-Marc Richard, adjoint \u00e0 la Culture, de Didier Hardy, adjoint aux Travaux et des responsables des secteurs enfance-jeunesse, a convi\u00e9 les jeunes Marommais\u00a0 \u00e0 venir \u00e9changer autour de leurs envies et de leurs projets. R\u00e9unis \u00e0 la Maison Municipale de la Jeunesse, le Maire \u00e9voque les nouvelles perspectives que la Ville souhaite mettre en place pour les jeunes Marommais en terme d&rsquo;accompagnement de projets. \u00c0 l&rsquo;instar des rencontres de quartier ou encore des visites de proximit\u00e9, il s&rsquo;agit, pour les \u00e9lus, de favoriser le dialogue et l&rsquo;\u00e9changes avec les jeunes pour \u00eatre et agir au plus pr\u00e8s de leurs pr\u00e9occupations.<\/p>\n<p style=\"text-align: justify;\">\n","protected":false},"excerpt":{"rendered":"<p>Ce soir, David Lamiray, entour\u00e9 de Marie-Claude Masurier, premi\u00e8re adjointe charg\u00e9e de l&rsquo;\u00c9ducation, de Jean-Marc Richard, adjoint \u00e0 la Culture, de Didier Hardy, adjoint aux Travaux et des responsables des secteurs enfance-jeunesse, a convi\u00e9 les jeunes Marommais\u00a0 \u00e0 venir \u00e9changer autour de leurs envies et de leurs projets. R\u00e9unis \u00e0 la Maison Municipale de la&#8230; <\/p>\n<div class=\"link-more\"><a href=\"https:\/\/marommeactu.fr\/?p=3049\">En savoir plus<\/a><\/div>\n","protected":false},"author":1,"featured_media":3050,"comment_status":"closed","ping_status":"closed","sticky":false,"template":"","format":"standard","meta":{"footnotes":""},"categories":[4],"tags":[],"_links":{"self":[{"href":"https:\/\/marommeactu.fr\/index.php?rest_route=\/wp\/v2\/posts\/3049"}],"collection":[{"href":"https:\/\/marommeactu.fr\/index.php?rest_route=\/wp\/v2\/posts"}],"about":[{"href":"https:\/\/marommeactu.fr\/index.php?rest_route=\/wp\/v2\/types\/post"}],"author":[{"embeddable":true,"href":"https:\/\/marommeactu.fr\/index.php?rest_route=\/wp\/v2\/users\/1"}],"replies":[{"embeddable":true,"href":"https:\/\/marommeactu.fr\/index.php?rest_route=%2Fwp%2Fv2%2Fcomments&post=3049"}],"version-history":[{"count":2,"href":"https:\/\/marommeactu.fr\/index.php?rest_route=\/wp\/v2\/posts\/3049\/revisions"}],"predecessor-version":[{"id":3054,"href":"https:\/\/marommeactu.fr\/index.php?rest_route=\/wp\/v2\/posts\/3049\/revisions\/3054"}],"wp:featuredmedia":[{"embeddable":true,"href":"https:\/\/marommeactu.fr\/index.php?rest_route=\/wp\/v2\/media\/3050"}],"wp:attachment":[{"href":"https:\/\/marommeactu.fr\/index.php?rest_route=%2Fwp%2Fv2%2Fmedia&parent=3049"}],"wp:term":[{"taxonomy":"category","embeddable":true,"href":"https:\/\/marommeactu.fr\/index.php?rest_route=%2Fwp%2Fv2%2Fcategories&post=3049"},{"taxonomy":"post_tag","embeddable":true,"href":"https:\/\/marommeactu.fr\/index.php?rest_route=%2Fwp%2Fv2%2Ftags&post=3049"}],"curies":[{"name":"wp","href":"https:\/\/api.w.org\/{rel}","templated":true}]}}