{"id":304,"date":"2016-12-20T14:54:14","date_gmt":"2016-12-20T13:54:14","guid":{"rendered":"http:\/\/marommeactu.fr\/?p=304"},"modified":"2016-12-21T09:48:58","modified_gmt":"2016-12-21T08:48:58","slug":"ceremonie-des-voeux-de-david-lamiray-et-du-conseil-municipal","status":"publish","type":"post","link":"https:\/\/marommeactu.fr\/?p=304","title":{"rendered":"C\u00e9r\u00e9monie des voeux de David Lamiray et du Conseil Municipal"},"content":{"rendered":"<p style=\"text-align: center;\"><strong>David LAMIRAY<\/strong><br \/>\nMaire de Maromme<br \/>\nVice-Pr\u00e9sident de la M\u00e9tropole Rouen Normandie<br \/>\nConseiller D\u00e9partemental de Seine-Maritime<\/p>\n<p style=\"text-align: center;\"><strong>et Le Conseil Municipal<\/strong><\/p>\n<p style=\"text-align: center;\">pr\u00e9senteront<br \/>\n<strong>leurs voeux aux Marommais et aux forces vives de la Ville<\/strong><\/p>\n<p style=\"text-align: center;\"><strong>le mardi 3 janvier 2017<\/strong><br \/>\n\u00e0 18h30, \u00e0 l&rsquo;espace culturel Beaumarchais<\/p>\n<p style=\"text-align: center;\"><strong><em>R\u00e9servation obligatoire avant le 23 d\u00e9cembre 2016 aupr\u00e8s du Cabinet du Maire<\/em> <\/strong><br \/>\npar t\u00e9l\u00e9phone 02 32 82 22 04 ou par mail monsieurlemaire@ville-maromme.fr<\/p>\n<p style=\"text-align: center;\"><img loading=\"lazy\" decoding=\"async\" class=\"alignnone wp-image-305\" src=\"http:\/\/marommeactu.fr\/wp-content\/uploads\/2016\/12\/Voeux1-300x184.jpg\" alt=\"voeux1\" width=\"355\" height=\"222\" \/><\/p>\n<p><span style=\"border-radius: 2px; text-indent: 20px; width: auto; padding: 0px 4px 0px 0px; text-align: center; font: bold 11px\/20px 'Helvetica Neue',Helvetica,sans-serif; color: #ffffff; background: #bd081c no-repeat scroll 3px 50% \/ 14px 14px; position: absolute; opacity: 1; z-index: 8675309; display: none; cursor: pointer; top: 515px; left: 364px;\">R\u00e9servation obligatoire avant le 23 d\u00e9cembre 2016 aupr\u00e8s du Cabinet du Maire<br \/>\npar t\u00e9l\u00e9phone 02 32 82 22 04 ou par mail monsieurlemaire@ville-maromme.frEnregistrer<\/span><\/p>\n<p><span style=\"border-radius: 2px; text-indent: 20px; width: auto; padding: 0px 4px 0px 0px; text-align: center; font: bold 11px\/20px 'Helvetica Neue',Helvetica,sans-serif; color: #ffffff; background: #bd081c no-repeat scroll 3px 50% \/ 14px 14px; position: absolute; opacity: 1; z-index: 8675309; display: none; cursor: pointer; top: 502px; left: 364px;\">Enregistrer<\/span><\/p>\n<p><span style=\"border-radius: 2px; text-indent: 20px; width: auto; padding: 0px 4px 0px 0px; text-align: center; font: bold 11px\/20px 'Helvetica Neue',Helvetica,sans-serif; color: #ffffff; background: #bd081c  no-repeat scroll 3px 50% \/ 14px 14px; position: absolute; opacity: 1; z-index: 8675309; display: none; cursor: pointer;\">Enregistrer<\/span><\/p>\n","protected":false},"excerpt":{"rendered":"<p>David LAMIRAY Maire de Maromme Vice-Pr\u00e9sident de la M\u00e9tropole Rouen Normandie Conseiller D\u00e9partemental de Seine-Maritime et Le Conseil Municipal pr\u00e9senteront leurs voeux aux Marommais et aux forces vives de la Ville le mardi 3 janvier 2017 \u00e0 18h30, \u00e0 l&rsquo;espace culturel Beaumarchais R\u00e9servation obligatoire avant le 23 d\u00e9cembre 2016 aupr\u00e8s du Cabinet du Maire par&#8230; <\/p>\n<div class=\"link-more\"><a href=\"https:\/\/marommeactu.fr\/?p=304\">En savoir plus<\/a><\/div>\n","protected":false},"author":1,"featured_media":305,"comment_status":"open","ping_status":"open","sticky":false,"template":"","format":"standard","meta":{"footnotes":""},"categories":[5],"tags":[],"_links":{"self":[{"href":"https:\/\/marommeactu.fr\/index.php?rest_route=\/wp\/v2\/posts\/304"}],"collection":[{"href":"https:\/\/marommeactu.fr\/index.php?rest_route=\/wp\/v2\/posts"}],"about":[{"href":"https:\/\/marommeactu.fr\/index.php?rest_route=\/wp\/v2\/types\/post"}],"author":[{"embeddable":true,"href":"https:\/\/marommeactu.fr\/index.php?rest_route=\/wp\/v2\/users\/1"}],"replies":[{"embeddable":true,"href":"https:\/\/marommeactu.fr\/index.php?rest_route=%2Fwp%2Fv2%2Fcomments&post=304"}],"version-history":[{"count":5,"href":"https:\/\/marommeactu.fr\/index.php?rest_route=\/wp\/v2\/posts\/304\/revisions"}],"predecessor-version":[{"id":311,"href":"https:\/\/marommeactu.fr\/index.php?rest_route=\/wp\/v2\/posts\/304\/revisions\/311"}],"wp:featuredmedia":[{"embeddable":true,"href":"https:\/\/marommeactu.fr\/index.php?rest_route=\/wp\/v2\/media\/305"}],"wp:attachment":[{"href":"https:\/\/marommeactu.fr\/index.php?rest_route=%2Fwp%2Fv2%2Fmedia&parent=304"}],"wp:term":[{"taxonomy":"category","embeddable":true,"href":"https:\/\/marommeactu.fr\/index.php?rest_route=%2Fwp%2Fv2%2Fcategories&post=304"},{"taxonomy":"post_tag","embeddable":true,"href":"https:\/\/marommeactu.fr\/index.php?rest_route=%2Fwp%2Fv2%2Ftags&post=304"}],"curies":[{"name":"wp","href":"https:\/\/api.w.org\/{rel}","templated":true}]}}