{"id":2979,"date":"2017-10-26T11:11:08","date_gmt":"2017-10-26T09:11:08","guid":{"rendered":"http:\/\/marommeactu.fr\/?p=2979"},"modified":"2017-10-26T11:11:08","modified_gmt":"2017-10-26T09:11:08","slug":"une-chambre-dhotes-au-village-les-aubepins","status":"publish","type":"post","link":"https:\/\/marommeactu.fr\/?p=2979","title":{"rendered":"Une chambre d&rsquo;h\u00f4tes au \u00ab\u00a0Vill\u00e2ge Les Aub\u00e9pins\u00a0\u00bb"},"content":{"rendered":"<p style=\"text-align: justify;\">Le \u00ab\u00a0<em>Vill\u00e2ge Les Aub\u00e9pins<\/em>\u00a0\u00bb est un \u00e9tablissement exemplaire. On ne le dira jamais assez.\u00a0 Reconnu par tous pour son excellence, prim\u00e9* il y\u00a0 a 3 ans par Caisse Nationale de Solidarit\u00e9 pour l\u2019Autonomie, le \u00ab\u00a0<em>Vill\u00e2ge Les Aub\u00e9pins<\/em>\u00a0\u00bb a \u00e9t\u00e9 con\u00e7u d&rsquo;apr\u00e8s un projet d\u2019\u00e9tablissement clair, ambitieux et volontariste. Abordant la probl\u00e9matique du vieillissement avec pertinence, il propose une v\u00e9ritable plateforme de services avec des places d\u2019accueil de jour, de l\u2019h\u00e9bergement temporaire, un p\u00f4le d\u2019activit\u00e9s et de soins adapt\u00e9s, mais aussi des sessions de formation pour les aidants, du \u00abbaluchonnage\u00bb, etc\u2026\u00a0 L&rsquo;\u00e9quipement en lui-m\u00eame, dans son articulation et sa conception, d\u00e9veloppe admirablement un esprit novateur. Chaque espace en t\u00e9moigne. Des lieux de vie aux \u00abappartements\u00bb, en passant par l\u2019organisation des services, jusqu\u2019\u00e0 la signal\u00e9tique\u2026 rien n\u2019a \u00e9t\u00e9 laiss\u00e9 au hasard.\u00a0 Les liens interg\u00e9n\u00e9rationnels y sont privil\u00e9gi\u00e9s. En t\u00e9moigne les commerces install\u00e9s au coeur du \u00ab\u00a0<em>Vill\u00e2ge<\/em>\u00ab\u00a0, ouverts sur la commune, marque cette volont\u00e9 d&rsquo;ancrer pleinement l&rsquo;\u00e9tablissement \u00e0 la vie de la ville. S&rsquo;ouvrir vers l&rsquo;ext\u00e9rieur et l&rsquo;accueillir aussi.<\/p>\n<p style=\"text-align: justify;\"><a href=\"http:\/\/marommeactu.fr\/wp-content\/uploads\/2017\/10\/Ehpad-5769.jpg\"><img loading=\"lazy\" decoding=\"async\" class=\"alignnone size-large wp-image-2982\" src=\"http:\/\/marommeactu.fr\/wp-content\/uploads\/2017\/10\/Ehpad-5769-1024x683.jpg\" alt=\"Ehpad-5769\" width=\"1000\" height=\"667\" srcset=\"https:\/\/marommeactu.fr\/wp-content\/uploads\/2017\/10\/Ehpad-5769-1024x683.jpg 1024w, https:\/\/marommeactu.fr\/wp-content\/uploads\/2017\/10\/Ehpad-5769-300x200.jpg 300w, https:\/\/marommeactu.fr\/wp-content\/uploads\/2017\/10\/Ehpad-5769-768x512.jpg 768w, https:\/\/marommeactu.fr\/wp-content\/uploads\/2017\/10\/Ehpad-5769-288x192.jpg 288w, https:\/\/marommeactu.fr\/wp-content\/uploads\/2017\/10\/Ehpad-5769-960x640.jpg 960w, https:\/\/marommeactu.fr\/wp-content\/uploads\/2017\/10\/Ehpad-5769-450x300.jpg 450w, https:\/\/marommeactu.fr\/wp-content\/uploads\/2017\/10\/Ehpad-5769.jpg 1224w\" sizes=\"(max-width: 1000px) 100vw, 1000px\" \/><\/a><\/p>\n<p style=\"text-align: justify;\">Hier, c&rsquo;\u00e9tait jour de f\u00eate au \u00ab\u00a0Vill\u00e2ge\u00a0\u00bb au cours duquel \u00e9tait rappel\u00e9 cette volont\u00e9 d&rsquo;ouverture. Danuta Pieter, d\u00e9l\u00e9gu\u00e9e g\u00e9n\u00e9rale \u00e0 la Fondation H\u00f4pitaux de Paris-H\u00f4pitaux de France, venait visiter l&rsquo;\u00e9tablissement pour lequel la Fondation \u00e0 investit pr\u00e8s de 160 000\u20ac. Cette contribution a permis \u00e0 l&rsquo;\u00e9tablissement des am\u00e9nagements importants et d&rsquo;acqu\u00e9rir du mobilier de qualit\u00e9. Danuta Pieter a ainsi pu d\u00e9couvrir la chambre d&rsquo;h\u00f4te qui permet aux familles des r\u00e9sidents de s\u00e9journer. La direction de l&rsquo;\u00e9quipement envisage m\u00eame d&rsquo;aller plus loin en l&rsquo;inscrivant sur le site location Airbnb.<\/p>\n<p style=\"text-align: justify;\"><a href=\"http:\/\/marommeactu.fr\/wp-content\/uploads\/2017\/10\/Ehpad-5822.jpg\"><img loading=\"lazy\" decoding=\"async\" class=\"alignnone size-large wp-image-2986\" src=\"http:\/\/marommeactu.fr\/wp-content\/uploads\/2017\/10\/Ehpad-5822-683x1024.jpg\" alt=\"Ehpad-5822\" width=\"683\" height=\"1024\" srcset=\"https:\/\/marommeactu.fr\/wp-content\/uploads\/2017\/10\/Ehpad-5822-683x1024.jpg 683w, https:\/\/marommeactu.fr\/wp-content\/uploads\/2017\/10\/Ehpad-5822-200x300.jpg 200w, https:\/\/marommeactu.fr\/wp-content\/uploads\/2017\/10\/Ehpad-5822-768x1152.jpg 768w, https:\/\/marommeactu.fr\/wp-content\/uploads\/2017\/10\/Ehpad-5822.jpg 816w\" sizes=\"(max-width: 683px) 100vw, 683px\" \/><\/a><\/p>\n<p style=\"text-align: justify;\">Autre invit\u00e9 de marque, Yves Duteil s&rsquo;est associ\u00e9 \u00e0 l&rsquo;\u00e9v\u00e9nement avec une touchante humilit\u00e9. \u00ab<em>Je n\u2019ai absolument rien pr\u00e9par\u00e9, j\u2019ai juste amen\u00e9 ma guitare et \u00e7a me fera d\u2019autant plus plaisir que ce sera un peu comme une soir\u00e9e en famille.<\/em>\u00bb Dans le hall du \u00ab\u00a0Vill\u00e2ge\u00a0\u00bb, le chanteur a d\u00e9roul\u00e9 son r\u00e9pertoire pour le plus grand plaisir des r\u00e9sidents et des familles pr\u00e9sentes venues en nombre.<\/p>\n<p style=\"text-align: justify;\"><a href=\"http:\/\/marommeactu.fr\/wp-content\/uploads\/2017\/10\/Ehpad-5858.jpg\"><img loading=\"lazy\" decoding=\"async\" class=\"alignnone size-large wp-image-2989\" src=\"http:\/\/marommeactu.fr\/wp-content\/uploads\/2017\/10\/Ehpad-5858-1024x683.jpg\" alt=\"Ehpad-5858\" width=\"1000\" height=\"667\" srcset=\"https:\/\/marommeactu.fr\/wp-content\/uploads\/2017\/10\/Ehpad-5858-1024x683.jpg 1024w, https:\/\/marommeactu.fr\/wp-content\/uploads\/2017\/10\/Ehpad-5858-300x200.jpg 300w, https:\/\/marommeactu.fr\/wp-content\/uploads\/2017\/10\/Ehpad-5858-768x512.jpg 768w, https:\/\/marommeactu.fr\/wp-content\/uploads\/2017\/10\/Ehpad-5858-288x192.jpg 288w, https:\/\/marommeactu.fr\/wp-content\/uploads\/2017\/10\/Ehpad-5858-960x640.jpg 960w, https:\/\/marommeactu.fr\/wp-content\/uploads\/2017\/10\/Ehpad-5858-450x300.jpg 450w, https:\/\/marommeactu.fr\/wp-content\/uploads\/2017\/10\/Ehpad-5858.jpg 1224w\" sizes=\"(max-width: 1000px) 100vw, 1000px\" \/><\/a><\/p>\n<p style=\"text-align: justify;\"><a href=\"http:\/\/marommeactu.fr\/wp-content\/uploads\/2017\/10\/Ehpad-5743.jpg\"><img loading=\"lazy\" decoding=\"async\" class=\"alignnone size-large wp-image-2981\" src=\"http:\/\/marommeactu.fr\/wp-content\/uploads\/2017\/10\/Ehpad-5743-1024x683.jpg\" alt=\"Ehpad-5743\" width=\"1000\" height=\"667\" srcset=\"https:\/\/marommeactu.fr\/wp-content\/uploads\/2017\/10\/Ehpad-5743-1024x683.jpg 1024w, https:\/\/marommeactu.fr\/wp-content\/uploads\/2017\/10\/Ehpad-5743-300x200.jpg 300w, https:\/\/marommeactu.fr\/wp-content\/uploads\/2017\/10\/Ehpad-5743-768x512.jpg 768w, https:\/\/marommeactu.fr\/wp-content\/uploads\/2017\/10\/Ehpad-5743-288x192.jpg 288w, https:\/\/marommeactu.fr\/wp-content\/uploads\/2017\/10\/Ehpad-5743-960x640.jpg 960w, https:\/\/marommeactu.fr\/wp-content\/uploads\/2017\/10\/Ehpad-5743-450x300.jpg 450w, https:\/\/marommeactu.fr\/wp-content\/uploads\/2017\/10\/Ehpad-5743.jpg 1224w\" sizes=\"(max-width: 1000px) 100vw, 1000px\" \/><\/a><\/p>\n<p style=\"text-align: justify;\"><em>* L&rsquo;\u00e9tablissement a re\u00e7u en 2014 le \u00abPrix de la r\u00e9alisation m\u00e9dico-sociale pour personnes \u00e2g\u00e9es, mention \u00ab\u00a0lieux de vie collectifs &amp; autonomie\u00bb.<\/em><\/p>\n","protected":false},"excerpt":{"rendered":"<p>Le \u00ab\u00a0Vill\u00e2ge Les Aub\u00e9pins\u00a0\u00bb est un \u00e9tablissement exemplaire. On ne le dira jamais assez.\u00a0 Reconnu par tous pour son excellence, prim\u00e9* il y\u00a0 a 3 ans par Caisse Nationale de Solidarit\u00e9 pour l\u2019Autonomie, le \u00ab\u00a0Vill\u00e2ge Les Aub\u00e9pins\u00a0\u00bb a \u00e9t\u00e9 con\u00e7u d&rsquo;apr\u00e8s un projet d\u2019\u00e9tablissement clair, ambitieux et volontariste. Abordant la probl\u00e9matique du vieillissement avec pertinence,&#8230; <\/p>\n<div class=\"link-more\"><a href=\"https:\/\/marommeactu.fr\/?p=2979\">En savoir plus<\/a><\/div>\n","protected":false},"author":1,"featured_media":2985,"comment_status":"closed","ping_status":"closed","sticky":false,"template":"","format":"standard","meta":{"footnotes":""},"categories":[4],"tags":[],"_links":{"self":[{"href":"https:\/\/marommeactu.fr\/index.php?rest_route=\/wp\/v2\/posts\/2979"}],"collection":[{"href":"https:\/\/marommeactu.fr\/index.php?rest_route=\/wp\/v2\/posts"}],"about":[{"href":"https:\/\/marommeactu.fr\/index.php?rest_route=\/wp\/v2\/types\/post"}],"author":[{"embeddable":true,"href":"https:\/\/marommeactu.fr\/index.php?rest_route=\/wp\/v2\/users\/1"}],"replies":[{"embeddable":true,"href":"https:\/\/marommeactu.fr\/index.php?rest_route=%2Fwp%2Fv2%2Fcomments&post=2979"}],"version-history":[{"count":1,"href":"https:\/\/marommeactu.fr\/index.php?rest_route=\/wp\/v2\/posts\/2979\/revisions"}],"predecessor-version":[{"id":2990,"href":"https:\/\/marommeactu.fr\/index.php?rest_route=\/wp\/v2\/posts\/2979\/revisions\/2990"}],"wp:featuredmedia":[{"embeddable":true,"href":"https:\/\/marommeactu.fr\/index.php?rest_route=\/wp\/v2\/media\/2985"}],"wp:attachment":[{"href":"https:\/\/marommeactu.fr\/index.php?rest_route=%2Fwp%2Fv2%2Fmedia&parent=2979"}],"wp:term":[{"taxonomy":"category","embeddable":true,"href":"https:\/\/marommeactu.fr\/index.php?rest_route=%2Fwp%2Fv2%2Fcategories&post=2979"},{"taxonomy":"post_tag","embeddable":true,"href":"https:\/\/marommeactu.fr\/index.php?rest_route=%2Fwp%2Fv2%2Ftags&post=2979"}],"curies":[{"name":"wp","href":"https:\/\/api.w.org\/{rel}","templated":true}]}}