{"id":289,"date":"2016-12-20T13:42:57","date_gmt":"2016-12-20T12:42:57","guid":{"rendered":"http:\/\/marommeactu.fr\/?p=289"},"modified":"2016-12-20T13:53:11","modified_gmt":"2016-12-20T12:53:11","slug":"repas-de-noel-pour-les-cheveux-dargent","status":"publish","type":"post","link":"https:\/\/marommeactu.fr\/?p=289","title":{"rendered":"Repas de No\u00ebl pour les cheveux d&rsquo;Argent"},"content":{"rendered":"<p>Comme chaque ann\u00e9e, Marcelle Cuvilly, la pr\u00e9sidente des Cheveux d&rsquo;Argent, rassemble ses adh\u00e9rents pour cl\u00f4turer joyeusement l&rsquo;ann\u00e9e. Ce repas de No\u00ebl auquel participait une vingtaine de convives sur la quarantaine que compte l&rsquo;association a permis aux seniors de se retrouver autour de table pour une apr\u00e8s-midi conviviale avec tombola et animation musicale.<\/p>\n<p><img loading=\"lazy\" decoding=\"async\" class=\"wp-image-290 aligncenter\" src=\"http:\/\/marommeactu.fr\/wp-content\/uploads\/2016\/12\/CheveuxA-300x200.jpg\" alt=\"cheveuxa\" width=\"296\" height=\"197\" srcset=\"https:\/\/marommeactu.fr\/wp-content\/uploads\/2016\/12\/CheveuxA-300x200.jpg 300w, https:\/\/marommeactu.fr\/wp-content\/uploads\/2016\/12\/CheveuxA-768x512.jpg 768w, https:\/\/marommeactu.fr\/wp-content\/uploads\/2016\/12\/CheveuxA-1024x682.jpg 1024w, https:\/\/marommeactu.fr\/wp-content\/uploads\/2016\/12\/CheveuxA-288x192.jpg 288w, https:\/\/marommeactu.fr\/wp-content\/uploads\/2016\/12\/CheveuxA-960x640.jpg 960w, https:\/\/marommeactu.fr\/wp-content\/uploads\/2016\/12\/CheveuxA-450x300.jpg 450w, https:\/\/marommeactu.fr\/wp-content\/uploads\/2016\/12\/CheveuxA.jpg 1400w\" sizes=\"(max-width: 296px) 100vw, 296px\" \/><\/p>\n<p><span style=\"border-radius: 2px; text-indent: 20px; width: auto; padding: 0px 4px 0px 0px; text-align: center; font: bold 11px\/20px 'Helvetica Neue',Helvetica,sans-serif; color: #ffffff; background: #bd081c no-repeat scroll 3px 50% \/ 14px 14px; position: absolute; opacity: 1; z-index: 8675309; display: none; cursor: pointer;\">Enregistrer<\/span><\/p>\n<p><span style=\"border-radius: 2px; text-indent: 20px; width: auto; padding: 0px 4px 0px 0px; text-align: center; font: bold 11px\/20px 'Helvetica Neue',Helvetica,sans-serif; color: #ffffff; background: #bd081c  no-repeat scroll 3px 50% \/ 14px 14px; position: absolute; opacity: 1; z-index: 8675309; display: none; cursor: pointer; top: 142px; left: 20px;\">Enregistrer<\/span><\/p>\n","protected":false},"excerpt":{"rendered":"<p>Comme chaque ann\u00e9e, Marcelle Cuvilly, la pr\u00e9sidente des Cheveux d&rsquo;Argent, rassemble ses adh\u00e9rents pour cl\u00f4turer joyeusement l&rsquo;ann\u00e9e. Ce repas de No\u00ebl auquel participait une vingtaine de convives sur la quarantaine que compte l&rsquo;association a permis aux seniors de se retrouver autour de table pour une apr\u00e8s-midi conviviale avec tombola et animation musicale. Enregistrer Enregistrer<\/p>\n","protected":false},"author":1,"featured_media":0,"comment_status":"open","ping_status":"open","sticky":false,"template":"","format":"standard","meta":{"footnotes":""},"categories":[4],"tags":[],"_links":{"self":[{"href":"https:\/\/marommeactu.fr\/index.php?rest_route=\/wp\/v2\/posts\/289"}],"collection":[{"href":"https:\/\/marommeactu.fr\/index.php?rest_route=\/wp\/v2\/posts"}],"about":[{"href":"https:\/\/marommeactu.fr\/index.php?rest_route=\/wp\/v2\/types\/post"}],"author":[{"embeddable":true,"href":"https:\/\/marommeactu.fr\/index.php?rest_route=\/wp\/v2\/users\/1"}],"replies":[{"embeddable":true,"href":"https:\/\/marommeactu.fr\/index.php?rest_route=%2Fwp%2Fv2%2Fcomments&post=289"}],"version-history":[{"count":3,"href":"https:\/\/marommeactu.fr\/index.php?rest_route=\/wp\/v2\/posts\/289\/revisions"}],"predecessor-version":[{"id":299,"href":"https:\/\/marommeactu.fr\/index.php?rest_route=\/wp\/v2\/posts\/289\/revisions\/299"}],"wp:attachment":[{"href":"https:\/\/marommeactu.fr\/index.php?rest_route=%2Fwp%2Fv2%2Fmedia&parent=289"}],"wp:term":[{"taxonomy":"category","embeddable":true,"href":"https:\/\/marommeactu.fr\/index.php?rest_route=%2Fwp%2Fv2%2Fcategories&post=289"},{"taxonomy":"post_tag","embeddable":true,"href":"https:\/\/marommeactu.fr\/index.php?rest_route=%2Fwp%2Fv2%2Ftags&post=289"}],"curies":[{"name":"wp","href":"https:\/\/api.w.org\/{rel}","templated":true}]}}