{"id":2850,"date":"2017-10-18T12:34:13","date_gmt":"2017-10-18T10:34:13","guid":{"rendered":"http:\/\/marommeactu.fr\/?p=2850"},"modified":"2017-10-18T12:34:13","modified_gmt":"2017-10-18T10:34:13","slug":"entree-decole-securisee","status":"publish","type":"post","link":"https:\/\/marommeactu.fr\/?p=2850","title":{"rendered":"Entr\u00e9e d&rsquo;\u00e9cole s\u00e9curis\u00e9e"},"content":{"rendered":"<p style=\"text-align: justify;\">Depuis la rentr\u00e9e, \u00e0 l&rsquo;\u00e9cole Paul Fort, l&rsquo;entr\u00e9e des \u00e9l\u00e8ves Fort s&rsquo;effectue d\u00e9sormais rue Fr\u00e9d\u00e9ric Lemaitre, c&rsquo;est \u00e0 dire par la cour de r\u00e9cr\u00e9ation. Dans le cadre des travaux r\u00e9alis\u00e9s ces derniers mois dans cette \u00e9cole (r\u00e9novation de la cour ext\u00e9rieure, installation de nouvelles aires de jeux, peinture et am\u00e9nagements int\u00e9rieurs), la Ville avait \u00e9galement sollicit\u00e9 les services de la M\u00e9tropole Rouen Normandie afin de s\u00e9curiser les abords de l&rsquo;\u00e9tablissement et d&rsquo;\u00e9viter le stationnement sur le trottoir. C&rsquo;est chose faite aujourd&rsquo;hui. La M\u00e9tropole Rouen Normandie vient de r\u00e9aliser la pose de barri\u00e8res de s\u00e9curit\u00e9 le long du trottoir afin de prot\u00e9ger les enfants et leurs parents lors des entr\u00e9es et sorties des classes.<\/p>\n<p style=\"text-align: justify;\"><a href=\"http:\/\/marommeactu.fr\/wp-content\/uploads\/2017\/10\/20171018_105741.jpg\"><img loading=\"lazy\" decoding=\"async\" class=\"alignnone size-large wp-image-2851\" src=\"http:\/\/marommeactu.fr\/wp-content\/uploads\/2017\/10\/20171018_105741-576x1024.jpg\" alt=\"20171018_105741\" width=\"576\" height=\"1024\" srcset=\"https:\/\/marommeactu.fr\/wp-content\/uploads\/2017\/10\/20171018_105741-576x1024.jpg 576w, https:\/\/marommeactu.fr\/wp-content\/uploads\/2017\/10\/20171018_105741-169x300.jpg 169w, https:\/\/marommeactu.fr\/wp-content\/uploads\/2017\/10\/20171018_105741-768x1365.jpg 768w, https:\/\/marommeactu.fr\/wp-content\/uploads\/2017\/10\/20171018_105741.jpg 1080w\" sizes=\"(max-width: 576px) 100vw, 576px\" \/><\/a><\/p>\n","protected":false},"excerpt":{"rendered":"<p>Depuis la rentr\u00e9e, \u00e0 l&rsquo;\u00e9cole Paul Fort, l&rsquo;entr\u00e9e des \u00e9l\u00e8ves Fort s&rsquo;effectue d\u00e9sormais rue Fr\u00e9d\u00e9ric Lemaitre, c&rsquo;est \u00e0 dire par la cour de r\u00e9cr\u00e9ation. Dans le cadre des travaux r\u00e9alis\u00e9s ces derniers mois dans cette \u00e9cole (r\u00e9novation de la cour ext\u00e9rieure, installation de nouvelles aires de jeux, peinture et am\u00e9nagements int\u00e9rieurs), la Ville avait \u00e9galement&#8230; <\/p>\n<div class=\"link-more\"><a href=\"https:\/\/marommeactu.fr\/?p=2850\">En savoir plus<\/a><\/div>\n","protected":false},"author":1,"featured_media":2852,"comment_status":"closed","ping_status":"closed","sticky":false,"template":"","format":"standard","meta":{"footnotes":""},"categories":[4],"tags":[],"_links":{"self":[{"href":"https:\/\/marommeactu.fr\/index.php?rest_route=\/wp\/v2\/posts\/2850"}],"collection":[{"href":"https:\/\/marommeactu.fr\/index.php?rest_route=\/wp\/v2\/posts"}],"about":[{"href":"https:\/\/marommeactu.fr\/index.php?rest_route=\/wp\/v2\/types\/post"}],"author":[{"embeddable":true,"href":"https:\/\/marommeactu.fr\/index.php?rest_route=\/wp\/v2\/users\/1"}],"replies":[{"embeddable":true,"href":"https:\/\/marommeactu.fr\/index.php?rest_route=%2Fwp%2Fv2%2Fcomments&post=2850"}],"version-history":[{"count":1,"href":"https:\/\/marommeactu.fr\/index.php?rest_route=\/wp\/v2\/posts\/2850\/revisions"}],"predecessor-version":[{"id":2853,"href":"https:\/\/marommeactu.fr\/index.php?rest_route=\/wp\/v2\/posts\/2850\/revisions\/2853"}],"wp:featuredmedia":[{"embeddable":true,"href":"https:\/\/marommeactu.fr\/index.php?rest_route=\/wp\/v2\/media\/2852"}],"wp:attachment":[{"href":"https:\/\/marommeactu.fr\/index.php?rest_route=%2Fwp%2Fv2%2Fmedia&parent=2850"}],"wp:term":[{"taxonomy":"category","embeddable":true,"href":"https:\/\/marommeactu.fr\/index.php?rest_route=%2Fwp%2Fv2%2Fcategories&post=2850"},{"taxonomy":"post_tag","embeddable":true,"href":"https:\/\/marommeactu.fr\/index.php?rest_route=%2Fwp%2Fv2%2Ftags&post=2850"}],"curies":[{"name":"wp","href":"https:\/\/api.w.org\/{rel}","templated":true}]}}