{"id":280,"date":"2016-12-20T13:18:50","date_gmt":"2016-12-20T12:18:50","guid":{"rendered":"http:\/\/marommeactu.fr\/?p=280"},"modified":"2016-12-20T13:22:06","modified_gmt":"2016-12-20T12:22:06","slug":"les-rendez-vous-du-mois-de-janvier","status":"publish","type":"post","link":"https:\/\/marommeactu.fr\/?p=280","title":{"rendered":"Les rendez-vous du mois de Janvier"},"content":{"rendered":"<p><strong>Jusqu&rsquo;au 21<\/strong><br \/>\n<strong>Exposition \u00ab\u00a0Pop&rsquo;Up\u00a0\u00bb de Philippe Ug\u00a0<\/strong>\u00a0 Entr\u00e9e libre \u2013\u00a0 M\u00e9diath\u00e8que le S\u00e9quo\u00efa\u00a0 \u2013 Rens. 02 76 08 17 00<\/p>\n<hr \/>\n<p><strong>Mardi 10\u00a0 janvier<\/strong><br \/>\n18h30\u00a0\u2013 <strong>Fin de s\u00e9rie\u00a0<\/strong> Th\u00e9\u00e2tre jeune public (+9 ans) \u2013 Sur r\u00e9serv. (cultura\u2019ma 3\u20ac &#8211; ext 4\u20ac\/5\u20ac) \u2013\u00a0 Beaumarchais\u00a0 \u2013 Rens. 02 35 74 05 32<\/p>\n<hr \/>\n<p><strong>Mercredi 11 janvier<\/strong><br \/>\n20h \u2013 <strong>Tennis de table<\/strong>\u00a0 \u2013 Coupe de France (CAMATT 4\/Blainville Crevon) \u2013 Salle de tennis de table \u2013 Rens. 06 79 08 22 08<\/p>\n<hr \/>\n<p><strong>Vendredi 13 janvier<\/strong><br \/>\n19h30 \u2013 <strong>Tennis de table<\/strong> \u2013 Championnat masculin d\u00e9partemental 3 (CAMATT 4\/USC Bois-Guillaume) \u2013 Salle de tennis de table \u2013 Rens. 06 79 08 22 08<\/p>\n<hr \/>\n<p><strong>Samedi 14\u00a0 janvier<\/strong><br \/>\n14h00 &#8211; <strong>Football<\/strong> &#8211; Coupe U18 \u2013 Gymnase Cauchy\u00a0 \u2013 Rens. ALDM Football\u00a0 07 86 18 04 80<\/p>\n<hr \/>\n<p><strong>Dimanche 15 janvier<\/strong><br \/>\n9h00 &#8211; <strong>Volley-ball<\/strong> &#8211; Coupe de France M15 Gar\u00e7ons \u2013 Gymnase Lesueur\u00a0 \u2013 Rens. CMVB Volley-Ball\u00a0 06 03 77 88 51<\/p>\n<hr \/>\n<p><strong>Mardi 17\u00a0 janvier<\/strong><br \/>\n18h30\u00a0\u2013 <strong>Mais je suis un ours<\/strong>\u00a0 &#8211; Th\u00e9\u00e2tre jeune public (+5 ans) \u2013 Sur r\u00e9serv. (cultura\u2019ma 3\u20ac &#8211; ext 4\u20ac\/5\u20ac) \u2013\u00a0 Beaumarchais\u00a0 \u2013 Rens. 02 35 74 05 32<\/p>\n<hr \/>\n<p><strong>Jeudi 19\u00a0 janvier<\/strong><br \/>\n14h \u2013 <strong>Galette des rois\/Th\u00e9 dansant<\/strong> \u2013 R\u00e9serv\u00e9 aux Seniors marommais sur inscription \u2013 Espace culturel Beaumarchais\u00a0 \u2013 Rens. 02 32 82 22 00<\/p>\n<p><strong>Samedi 21 janvier<\/strong><br \/>\n14h00 &#8211; <strong>Athl\u00e9tisme<\/strong> &#8211; Animation en salle \u2013 Gymnase Cauchy\u00a0 \u2013 Rens. EMSAM Athl\u00e9tisme\u00a0 06 87 41 46 88<br \/>\n15h00\u00a0\u2013 <strong>Pop&rsquo;Up<\/strong>\u00a0 &#8211; <strong>Atelier d\u00e9couverte<\/strong> par Philipp Ug \u2013 Gratuit sur inscription \u2013\u00a0 M\u00e9diath\u00e8que le S\u00e9quo\u00efa\u00a0 \u2013 Rens. 02 76 08 17 00<br \/>\n20h00 &#8211; <strong>Volley-ball<\/strong> &#8211; Match \u00e9quipe Elite Masculine (CMVB \/ Bellaing) \u2013 Gymnase Rabelais\u00a0\u00a0 \u2013 Rens. CMVB Volley-Ball\u00a0 06 03 77 88 51<\/p>\n<hr \/>\n<p><strong>Dimanche 22\u00a0 janvier<\/strong><br \/>\n9h30 &#8211; <strong>Football<\/strong> &#8211; Tournoi \u00ab J\u2019ai envie de vous dire \u00bb sur la sensibilisation au handicap \u2013 Complexe Paul Vauquelin \u2013 Rens. ALDM Football\u00a0 07 86 18 04 80<\/p>\n<hr \/>\n<p><strong>Samedi 28 janvier<\/strong><br \/>\n8h00\u00a0\u2013 <strong>Gymnastique<\/strong> &#8211; Championnat D\u00e9partemental par \u00e9quipes \u2013\u00a0 Gymnase Rabelais \u2013 Rens. La Pers\u00e9v\u00e9rante 02 35 75 14 20<br \/>\n13h00\u00a0\u2013<strong> Badminton<\/strong> &#8211; Interclubs Nationaux Top 12 (MDMSA\/Aire sur le Lys) \u2013\u00a0 Gymnase Lesueur \u2013 Rens. MDMSA Badminton 06 82 38 16 29<br \/>\n13h30 \u2013 <strong>Judo<\/strong> \u2013 Coupe des Rois \u2013\u00a0 Dojo (Gymnase Rabelais)\u00a0 \u2013 Rens. Maromme Judo 06 62 74 75 40<br \/>\n20h30\u00a0\u2013 <strong>Mon pote est une femme comme les autres<\/strong> &#8211; Th\u00e9\u00e2tre &#8211; (cultura\u2019ma 15\u20ac\/10\u20ac &#8211; ext 25\u20ac\/20\u20ac) \u2013\u00a0 Beaumarchais\u00a0 \u2013 Rens. 02 35 74 05 32<\/p>\n<hr \/>\n<p><strong>Dimanche 29 janvier<\/strong><br \/>\n8h00\u00a0\u2013 <strong>Gymnastique<\/strong> &#8211; Championnat D\u00e9partemental par \u00e9quipes \u2013\u00a0 Gymnase Rabelais \u2013 Rens. La Pers\u00e9v\u00e9rante 02 35 75 14 20<br \/>\n13h00\u00a0\u2013<strong> Badminton<\/strong> &#8211; Interclubs D\u00e9partementaux \u2013\u00a0 Gymnase Lesueur \u2013 Rens. MDMSA Badminton 06 82 38 16 29<br \/>\n15h00\u00a0\u2013 <strong>Concert de l\u2019ensemble vocal Normand coeur\u2019s<\/strong> \u2013\u00a0 Chapelle Sainte Croix, La Maine \u2013 Rens. 02 35 74 00 35<\/p>\n<hr \/>\n<p><strong>Mardi 31 janvier<\/strong><br \/>\n18h30\u00a0\u2013 <strong>Blanc comme neige\u00a0<\/strong> &#8211; Th\u00e9\u00e2tre jeune public (+3 ans) \u2013 Sur r\u00e9serv. (cultura\u2019ma 3\u20ac &#8211; ext 4\u20ac\/5\u20ac) \u2013\u00a0 Beaumarchais\u00a0 \u2013 Rens. 02 35 74 05 32<\/p>\n","protected":false},"excerpt":{"rendered":"<p>Jusqu&rsquo;au 21 Exposition \u00ab\u00a0Pop&rsquo;Up\u00a0\u00bb de Philippe Ug\u00a0\u00a0 Entr\u00e9e libre \u2013\u00a0 M\u00e9diath\u00e8que le S\u00e9quo\u00efa\u00a0 \u2013 Rens. 02 76 08 17 00 Mardi 10\u00a0 janvier 18h30\u00a0\u2013 Fin de s\u00e9rie\u00a0 Th\u00e9\u00e2tre jeune public (+9 ans) \u2013 Sur r\u00e9serv. (cultura\u2019ma 3\u20ac &#8211; ext 4\u20ac\/5\u20ac) \u2013\u00a0 Beaumarchais\u00a0 \u2013 Rens. 02 35 74 05 32 Mercredi 11 janvier 20h \u2013 Tennis&#8230; <\/p>\n<div class=\"link-more\"><a href=\"https:\/\/marommeactu.fr\/?p=280\">En savoir plus<\/a><\/div>\n","protected":false},"author":1,"featured_media":252,"comment_status":"open","ping_status":"open","sticky":false,"template":"","format":"standard","meta":{"footnotes":""},"categories":[5],"tags":[],"_links":{"self":[{"href":"https:\/\/marommeactu.fr\/index.php?rest_route=\/wp\/v2\/posts\/280"}],"collection":[{"href":"https:\/\/marommeactu.fr\/index.php?rest_route=\/wp\/v2\/posts"}],"about":[{"href":"https:\/\/marommeactu.fr\/index.php?rest_route=\/wp\/v2\/types\/post"}],"author":[{"embeddable":true,"href":"https:\/\/marommeactu.fr\/index.php?rest_route=\/wp\/v2\/users\/1"}],"replies":[{"embeddable":true,"href":"https:\/\/marommeactu.fr\/index.php?rest_route=%2Fwp%2Fv2%2Fcomments&post=280"}],"version-history":[{"count":3,"href":"https:\/\/marommeactu.fr\/index.php?rest_route=\/wp\/v2\/posts\/280\/revisions"}],"predecessor-version":[{"id":284,"href":"https:\/\/marommeactu.fr\/index.php?rest_route=\/wp\/v2\/posts\/280\/revisions\/284"}],"wp:featuredmedia":[{"embeddable":true,"href":"https:\/\/marommeactu.fr\/index.php?rest_route=\/wp\/v2\/media\/252"}],"wp:attachment":[{"href":"https:\/\/marommeactu.fr\/index.php?rest_route=%2Fwp%2Fv2%2Fmedia&parent=280"}],"wp:term":[{"taxonomy":"category","embeddable":true,"href":"https:\/\/marommeactu.fr\/index.php?rest_route=%2Fwp%2Fv2%2Fcategories&post=280"},{"taxonomy":"post_tag","embeddable":true,"href":"https:\/\/marommeactu.fr\/index.php?rest_route=%2Fwp%2Fv2%2Ftags&post=280"}],"curies":[{"name":"wp","href":"https:\/\/api.w.org\/{rel}","templated":true}]}}