{"id":2793,"date":"2017-10-13T09:42:19","date_gmt":"2017-10-13T07:42:19","guid":{"rendered":"http:\/\/marommeactu.fr\/?p=2793"},"modified":"2017-10-13T09:45:47","modified_gmt":"2017-10-13T07:45:47","slug":"rencontres-de-quartier-2017-suite-les-questions-des-habitants-16","status":"publish","type":"post","link":"https:\/\/marommeactu.fr\/?p=2793","title":{"rendered":"Rencontres de Quartier 2017 (suite) : Les questions des habitants (1\/6)"},"content":{"rendered":"<p style=\"text-align: justify;\"><a href=\"http:\/\/marommeactu.fr\/wp-content\/uploads\/2017\/10\/DSC_8592-copie.jpg\"><img loading=\"lazy\" decoding=\"async\" class=\"alignnone size-large wp-image-2799\" src=\"http:\/\/marommeactu.fr\/wp-content\/uploads\/2017\/10\/DSC_8592-copie-1024x576.jpg\" alt=\"DSC_8592 copie\" width=\"1000\" height=\"563\" srcset=\"https:\/\/marommeactu.fr\/wp-content\/uploads\/2017\/10\/DSC_8592-copie-1024x576.jpg 1024w, https:\/\/marommeactu.fr\/wp-content\/uploads\/2017\/10\/DSC_8592-copie-300x169.jpg 300w, https:\/\/marommeactu.fr\/wp-content\/uploads\/2017\/10\/DSC_8592-copie-768x432.jpg 768w, https:\/\/marommeactu.fr\/wp-content\/uploads\/2017\/10\/DSC_8592-copie-533x300.jpg 533w\" sizes=\"(max-width: 1000px) 100vw, 1000px\" \/><\/a><\/p>\n<p style=\"text-align: justify;\">Les rencontres de quartier se sont achev\u00e9es il y a quelques jours. Pr\u00e8s de 800 Marommais ont assist\u00e9 \u00e0 ces r\u00e9unions. Elles reposaient chaque soir sur la m\u00eame sc\u00e9nographie. Une intervention de David Lamiray, en introduction, pr\u00e9sentait les r\u00e9alisations effectu\u00e9es au cours de l\u2019ann\u00e9e pass\u00e9e ainsi que les futurs projets \u00e0 venir. Une captation de cette pr\u00e9sentation a \u00e9t\u00e9 r\u00e9alis\u00e9e afin de permettre \u00e0 tous celles et ceux qui n\u2019ont pas pu se rendre \u00e0 l\u2019une des rencontres d\u2019en prendre connaissance. Elle a \u00e9t\u00e9 publi\u00e9e \u00e0 cet effet sur la chaine Youtube \u00abMaromme Ma Ville\u00bb.<\/p>\n<p style=\"text-align: justify;\"><iframe loading=\"lazy\" src=\"https:\/\/www.youtube.com\/embed\/uzh531NyDkg\" width=\"560\" height=\"315\" frameborder=\"0\" allowfullscreen=\"allowfullscreen\"><\/iframe><\/p>\n<p style=\"text-align: justify;\">La soir\u00e9e se poursuivait ensuite par un \u00e9change avec les habitants. Au fil de ces rencontres, des questions r\u00e9currentes ont mis en \u00e9vidence les pr\u00e9occupations partag\u00e9es par l\u2019ensemble des habitants. Toutes ces remarques et interrogations ont \u00e9t\u00e9 consign\u00e9es non seulement afin que chaque probl\u00e9matique soit trait\u00e9e, mais aussi pour les rendre publiques. Encore une fois, il s\u2019agit de permettre \u00e0 tous celles et ceux qui n\u2019ont pas pu assister \u00e0 ces r\u00e9unions d\u2019en \u00eatre \u00e9galement inform\u00e9s.<\/p>\n<p style=\"text-align: justify;\"><strong>La question de la circulation<\/strong><br \/>\n\u00c0 de nombreuses reprises, le sujet de la vitesse excessive \u00e0 Maromme a \u00e9t\u00e9 \u00e9voqu\u00e9. Il n\u2019avait \u00e9chapp\u00e9 \u00e0 personne l\u2019acquisition r\u00e9cente de cinq radars p\u00e9dagogiques par la Ville. Le Maire s\u2019est ainsi engag\u00e9 \u00e0 proc\u00e9der \u00e0 leur installation dans l\u2019ensemble des endroits r\u00e9pertori\u00e9s afin qu\u2019un diagnostic pr\u00e9cis soit effectu\u00e9. Ces radars, ultra-performants, ont en effet la capacit\u00e9 de fournir des mesures extr\u00eamement pr\u00e9cises. Chaque fois qu\u2019il sera av\u00e9r\u00e9 des conduites \u00e0 risques, des am\u00e9nagements adapt\u00e9s seront propos\u00e9s aux riverains.<br \/>\nRues d\u2019ores et d\u00e9j\u00e0 concern\u00e9es :<br \/>\nRue de la R\u00e9publique (Petit Maromme)<br \/>\nRue de la R\u00e9publique (Village Aragon)<br \/>\nRue Duflo (jardins Mont Mirel)<br \/>\nRue Hector Malot<br \/>\nRue du Moulin \u00e0 poudre<br \/>\nRue du 8 mai (Les feuillantines)<\/p>\n<p>Par ailleurs, plusieurs habitants ont soulign\u00e9 la dangerosit\u00e9 de certaines sorties d\u2019immeuble. Immeuble Martin Luther King, la visibilit\u00e9 est r\u00e9duite en raison du parking \u00e0 v\u00e9lo. Le Maire a fait part de son m\u00e9contentement puisque ce parking ne figurerait pas sur le projet initial. En cons\u00e9quence et pour r\u00e9pondre \u00e0 cet \u00e9tat de fait, le Maire a adress\u00e9 un courrier \u00e0 la M\u00e9tropole Rouen Normandie ainsi qu\u2019au bailleur pour leur demander la mise en place d\u2019une interdiction de tourner \u00e0 gauche mais aussi l\u2019installation d\u2019un miroir. Immeuble \u00abLes Feuillantines\u00bb o\u00f9 la sortie du parking est \u00e9galement d\u00e9licate, le Maire s\u2019est \u00e9galement engag\u00e9 \u00e0 faire poser un miroir.<\/p>\n<p>Si, vous aussi, vous avez des questions ou remarques : <a href=\"mailto:communication@ville-maromme.fr\">communication@ville-maromme.fr<\/a><\/p>\n<p><span style=\"border-radius: 2px; text-indent: 20px; width: auto; padding: 0px 4px 0px 0px; text-align: center; font: bold 11px\/20px 'Helvetica Neue',Helvetica,sans-serif; color: #ffffff; background: #bd081c  no-repeat scroll 3px 50% \/ 14px 14px; position: absolute; opacity: 1; z-index: 8675309; display: none; cursor: pointer; top: 20px; left: 20px;\">Enregistrer<\/span><\/p>\n","protected":false},"excerpt":{"rendered":"<p>Les rencontres de quartier se sont achev\u00e9es il y a quelques jours. Pr\u00e8s de 800 Marommais ont assist\u00e9 \u00e0 ces r\u00e9unions. Elles reposaient chaque soir sur la m\u00eame sc\u00e9nographie. Une intervention de David Lamiray, en introduction, pr\u00e9sentait les r\u00e9alisations effectu\u00e9es au cours de l\u2019ann\u00e9e pass\u00e9e ainsi que les futurs projets \u00e0 venir. Une captation de&#8230; <\/p>\n<div class=\"link-more\"><a href=\"https:\/\/marommeactu.fr\/?p=2793\">En savoir plus<\/a><\/div>\n","protected":false},"author":1,"featured_media":2794,"comment_status":"closed","ping_status":"closed","sticky":false,"template":"","format":"standard","meta":{"footnotes":""},"categories":[4],"tags":[],"_links":{"self":[{"href":"https:\/\/marommeactu.fr\/index.php?rest_route=\/wp\/v2\/posts\/2793"}],"collection":[{"href":"https:\/\/marommeactu.fr\/index.php?rest_route=\/wp\/v2\/posts"}],"about":[{"href":"https:\/\/marommeactu.fr\/index.php?rest_route=\/wp\/v2\/types\/post"}],"author":[{"embeddable":true,"href":"https:\/\/marommeactu.fr\/index.php?rest_route=\/wp\/v2\/users\/1"}],"replies":[{"embeddable":true,"href":"https:\/\/marommeactu.fr\/index.php?rest_route=%2Fwp%2Fv2%2Fcomments&post=2793"}],"version-history":[{"count":4,"href":"https:\/\/marommeactu.fr\/index.php?rest_route=\/wp\/v2\/posts\/2793\/revisions"}],"predecessor-version":[{"id":2800,"href":"https:\/\/marommeactu.fr\/index.php?rest_route=\/wp\/v2\/posts\/2793\/revisions\/2800"}],"wp:featuredmedia":[{"embeddable":true,"href":"https:\/\/marommeactu.fr\/index.php?rest_route=\/wp\/v2\/media\/2794"}],"wp:attachment":[{"href":"https:\/\/marommeactu.fr\/index.php?rest_route=%2Fwp%2Fv2%2Fmedia&parent=2793"}],"wp:term":[{"taxonomy":"category","embeddable":true,"href":"https:\/\/marommeactu.fr\/index.php?rest_route=%2Fwp%2Fv2%2Fcategories&post=2793"},{"taxonomy":"post_tag","embeddable":true,"href":"https:\/\/marommeactu.fr\/index.php?rest_route=%2Fwp%2Fv2%2Ftags&post=2793"}],"curies":[{"name":"wp","href":"https:\/\/api.w.org\/{rel}","templated":true}]}}