{"id":272,"date":"2016-12-19T17:02:48","date_gmt":"2016-12-19T16:02:48","guid":{"rendered":"http:\/\/marommeactu.fr\/?p=272"},"modified":"2016-12-19T17:02:48","modified_gmt":"2016-12-19T16:02:48","slug":"jour-de-fete-au-village","status":"publish","type":"post","link":"https:\/\/marommeactu.fr\/?p=272","title":{"rendered":"Jour de f\u00eate au Vill\u00e2ge"},"content":{"rendered":"<p>Entre le march\u00e9 de No\u00ebl dans la galerie marchande et l&rsquo;animation dansante au restaurant, les r\u00e9sidents du vill\u00e2ge des Aub\u00e9pins mais aussi leurs familles se sont offerts, vendredi et samedi dernier, deux journ\u00e9es de f\u00eate.<\/p>\n<p><img loading=\"lazy\" decoding=\"async\" class=\"alignnone size-medium wp-image-268\" src=\"http:\/\/marommeactu.fr\/wp-content\/uploads\/2016\/12\/IMG_9961-300x200.jpg\" alt=\"img_9961\" width=\"300\" height=\"200\" srcset=\"https:\/\/marommeactu.fr\/wp-content\/uploads\/2016\/12\/IMG_9961-300x200.jpg 300w, https:\/\/marommeactu.fr\/wp-content\/uploads\/2016\/12\/IMG_9961-768x512.jpg 768w, https:\/\/marommeactu.fr\/wp-content\/uploads\/2016\/12\/IMG_9961-1024x683.jpg 1024w, https:\/\/marommeactu.fr\/wp-content\/uploads\/2016\/12\/IMG_9961-288x192.jpg 288w, https:\/\/marommeactu.fr\/wp-content\/uploads\/2016\/12\/IMG_9961-960x640.jpg 960w, https:\/\/marommeactu.fr\/wp-content\/uploads\/2016\/12\/IMG_9961-450x300.jpg 450w, https:\/\/marommeactu.fr\/wp-content\/uploads\/2016\/12\/IMG_9961.jpg 1500w\" sizes=\"(max-width: 300px) 100vw, 300px\" \/><\/p>\n","protected":false},"excerpt":{"rendered":"<p>Entre le march\u00e9 de No\u00ebl dans la galerie marchande et l&rsquo;animation dansante au restaurant, les r\u00e9sidents du vill\u00e2ge des Aub\u00e9pins mais aussi leurs familles se sont offerts, vendredi et samedi dernier, deux journ\u00e9es de f\u00eate.<\/p>\n","protected":false},"author":1,"featured_media":267,"comment_status":"open","ping_status":"open","sticky":false,"template":"","format":"standard","meta":{"footnotes":""},"categories":[4],"tags":[],"_links":{"self":[{"href":"https:\/\/marommeactu.fr\/index.php?rest_route=\/wp\/v2\/posts\/272"}],"collection":[{"href":"https:\/\/marommeactu.fr\/index.php?rest_route=\/wp\/v2\/posts"}],"about":[{"href":"https:\/\/marommeactu.fr\/index.php?rest_route=\/wp\/v2\/types\/post"}],"author":[{"embeddable":true,"href":"https:\/\/marommeactu.fr\/index.php?rest_route=\/wp\/v2\/users\/1"}],"replies":[{"embeddable":true,"href":"https:\/\/marommeactu.fr\/index.php?rest_route=%2Fwp%2Fv2%2Fcomments&post=272"}],"version-history":[{"count":1,"href":"https:\/\/marommeactu.fr\/index.php?rest_route=\/wp\/v2\/posts\/272\/revisions"}],"predecessor-version":[{"id":273,"href":"https:\/\/marommeactu.fr\/index.php?rest_route=\/wp\/v2\/posts\/272\/revisions\/273"}],"wp:featuredmedia":[{"embeddable":true,"href":"https:\/\/marommeactu.fr\/index.php?rest_route=\/wp\/v2\/media\/267"}],"wp:attachment":[{"href":"https:\/\/marommeactu.fr\/index.php?rest_route=%2Fwp%2Fv2%2Fmedia&parent=272"}],"wp:term":[{"taxonomy":"category","embeddable":true,"href":"https:\/\/marommeactu.fr\/index.php?rest_route=%2Fwp%2Fv2%2Fcategories&post=272"},{"taxonomy":"post_tag","embeddable":true,"href":"https:\/\/marommeactu.fr\/index.php?rest_route=%2Fwp%2Fv2%2Ftags&post=272"}],"curies":[{"name":"wp","href":"https:\/\/api.w.org\/{rel}","templated":true}]}}