{"id":2705,"date":"2017-10-03T12:28:02","date_gmt":"2017-10-03T10:28:02","guid":{"rendered":"http:\/\/marommeactu.fr\/?p=2705"},"modified":"2017-10-03T12:30:41","modified_gmt":"2017-10-03T10:30:41","slug":"rencontre-avec-les-acteurs-economiques","status":"publish","type":"post","link":"https:\/\/marommeactu.fr\/?p=2705","title":{"rendered":"Rencontre avec les acteurs \u00e9conomiques"},"content":{"rendered":"<p style=\"text-align: justify;\"><a href=\"http:\/\/marommeactu.fr\/wp-content\/uploads\/2017\/10\/DSC_8592.jpg\"><img loading=\"lazy\" decoding=\"async\" class=\"alignnone size-large wp-image-2708\" src=\"http:\/\/marommeactu.fr\/wp-content\/uploads\/2017\/10\/DSC_8592-1024x576.jpg\" alt=\"DSC_8592\" width=\"1000\" height=\"563\" srcset=\"https:\/\/marommeactu.fr\/wp-content\/uploads\/2017\/10\/DSC_8592-1024x576.jpg 1024w, https:\/\/marommeactu.fr\/wp-content\/uploads\/2017\/10\/DSC_8592-300x169.jpg 300w, https:\/\/marommeactu.fr\/wp-content\/uploads\/2017\/10\/DSC_8592-768x432.jpg 768w, https:\/\/marommeactu.fr\/wp-content\/uploads\/2017\/10\/DSC_8592-533x300.jpg 533w\" sizes=\"(max-width: 1000px) 100vw, 1000px\" \/><\/a><\/p>\n<p style=\"text-align: justify;\">Hier soir, David Lamiray et les \u00e9lus recevaient \u00e0 la Maison Municipale des Associations les acteurs \u00e9conomiques de la ville \u00e0 l\u2019occasion d\u2019une nouvelle rencontre de quartier.\u00a0 Cette r\u00e9union a de nouveau permis au Maire de pr\u00e9senter les nombreuses r\u00e9alisations comme, par exemple, la cr\u00e9ation l\u2019an dernier de zones bleues dans certains secteurs de la ville, pour permettre \u00e9viter le stationnement prolong\u00e9 aux abords des commerces et limit\u00e9 d\u00e9sormais \u00e0 1h30*. Il a \u00e9galement \u00e9voqu\u00e9 les projets \u00e0 venir et, notamment celui de la requalification de la rue des Martyrs. Ce vaste chantier va \u00ab<em>certes et in\u00e9vitablement occasionner des nuisances, mais le projet, \u00e0 terme, redonnera toute son attractivit\u00e9 \u00e0 la ville<\/em>\u00bb a-t-il insist\u00e9.<br \/>\nLors des \u00e9changes qui ont suivi, David Lamiray a aussi tenu \u00e0 profiter de l\u2019occasion pour dresser un \u00e9tat des lieux. \u00ab<em>Nous avons r\u00e9alis\u00e9 aujourd\u2019hui m\u00eame le recensement pr\u00e9cis des enseignes pr\u00e9sentes sur la ville. Nous d\u00e9nombrons exactement 125 commerces de proximit\u00e9 \u00e0 Maromme. Le chiffre est stable par rapport \u00e0 l\u2019an dernier et nous nous en r\u00e9jouissons.<\/em> (\u2026) <em>Nous avons souvent tendance \u00e0 nous focaliser sur les enseignes qui ferment alors m\u00eame que de nouveaux commerces ouvrent.<\/em><\/p>\n<p style=\"text-align: justify;\">*Disques bleus disponibles \u00e0 l&rsquo;accueil de la Mairie<\/p>\n<p style=\"text-align: justify;\"><strong><a href=\"http:\/\/marommeactu.fr\/wp-content\/uploads\/2017\/10\/annuaire-commerce.pdf\">T\u00e9l\u00e9charger l&rsquo;annuaire des commerces<\/a><\/strong><\/p>\n<p style=\"text-align: justify;\"><a href=\"http:\/\/marommeactu.fr\/wp-content\/uploads\/2017\/10\/annuaire-commerce.jpg\"><img loading=\"lazy\" decoding=\"async\" class=\"alignnone size-full wp-image-2707\" src=\"http:\/\/marommeactu.fr\/wp-content\/uploads\/2017\/10\/annuaire-commerce.jpg\" alt=\"annuaire-commerce\" width=\"2480\" height=\"1753\" srcset=\"https:\/\/marommeactu.fr\/wp-content\/uploads\/2017\/10\/annuaire-commerce.jpg 2480w, https:\/\/marommeactu.fr\/wp-content\/uploads\/2017\/10\/annuaire-commerce-300x212.jpg 300w, https:\/\/marommeactu.fr\/wp-content\/uploads\/2017\/10\/annuaire-commerce-768x543.jpg 768w, https:\/\/marommeactu.fr\/wp-content\/uploads\/2017\/10\/annuaire-commerce-1024x724.jpg 1024w, https:\/\/marommeactu.fr\/wp-content\/uploads\/2017\/10\/annuaire-commerce-424x300.jpg 424w\" sizes=\"(max-width: 2480px) 100vw, 2480px\" \/><\/a><\/p>\n<p><span style=\"border-radius: 2px; text-indent: 20px; width: auto; padding: 0px 4px 0px 0px; text-align: center; font: bold 11px\/20px 'Helvetica Neue',Helvetica,sans-serif; color: #ffffff; background: #bd081c  no-repeat scroll 3px 50% \/ 14px 14px; position: absolute; opacity: 1; z-index: 8675309; display: none; cursor: pointer; top: 1077px; left: 20px;\">Enregistrer<\/span><\/p>\n","protected":false},"excerpt":{"rendered":"<p>Hier soir, David Lamiray et les \u00e9lus recevaient \u00e0 la Maison Municipale des Associations les acteurs \u00e9conomiques de la ville \u00e0 l\u2019occasion d\u2019une nouvelle rencontre de quartier.\u00a0 Cette r\u00e9union a de nouveau permis au Maire de pr\u00e9senter les nombreuses r\u00e9alisations comme, par exemple, la cr\u00e9ation l\u2019an dernier de zones bleues dans certains secteurs de la&#8230; <\/p>\n<div class=\"link-more\"><a href=\"https:\/\/marommeactu.fr\/?p=2705\">En savoir plus<\/a><\/div>\n","protected":false},"author":1,"featured_media":2709,"comment_status":"closed","ping_status":"closed","sticky":false,"template":"","format":"standard","meta":{"footnotes":""},"categories":[4],"tags":[],"_links":{"self":[{"href":"https:\/\/marommeactu.fr\/index.php?rest_route=\/wp\/v2\/posts\/2705"}],"collection":[{"href":"https:\/\/marommeactu.fr\/index.php?rest_route=\/wp\/v2\/posts"}],"about":[{"href":"https:\/\/marommeactu.fr\/index.php?rest_route=\/wp\/v2\/types\/post"}],"author":[{"embeddable":true,"href":"https:\/\/marommeactu.fr\/index.php?rest_route=\/wp\/v2\/users\/1"}],"replies":[{"embeddable":true,"href":"https:\/\/marommeactu.fr\/index.php?rest_route=%2Fwp%2Fv2%2Fcomments&post=2705"}],"version-history":[{"count":3,"href":"https:\/\/marommeactu.fr\/index.php?rest_route=\/wp\/v2\/posts\/2705\/revisions"}],"predecessor-version":[{"id":2712,"href":"https:\/\/marommeactu.fr\/index.php?rest_route=\/wp\/v2\/posts\/2705\/revisions\/2712"}],"wp:featuredmedia":[{"embeddable":true,"href":"https:\/\/marommeactu.fr\/index.php?rest_route=\/wp\/v2\/media\/2709"}],"wp:attachment":[{"href":"https:\/\/marommeactu.fr\/index.php?rest_route=%2Fwp%2Fv2%2Fmedia&parent=2705"}],"wp:term":[{"taxonomy":"category","embeddable":true,"href":"https:\/\/marommeactu.fr\/index.php?rest_route=%2Fwp%2Fv2%2Fcategories&post=2705"},{"taxonomy":"post_tag","embeddable":true,"href":"https:\/\/marommeactu.fr\/index.php?rest_route=%2Fwp%2Fv2%2Ftags&post=2705"}],"curies":[{"name":"wp","href":"https:\/\/api.w.org\/{rel}","templated":true}]}}