{"id":2694,"date":"2017-10-02T08:49:29","date_gmt":"2017-10-02T06:49:29","guid":{"rendered":"http:\/\/marommeactu.fr\/?p=2694"},"modified":"2017-10-02T08:49:29","modified_gmt":"2017-10-02T06:49:29","slug":"un-duo-pour-une-ecole","status":"publish","type":"post","link":"https:\/\/marommeactu.fr\/?p=2694","title":{"rendered":"Un duo pour une \u00e9cole"},"content":{"rendered":"<p style=\"text-align: justify;\"><strong>Toujours et plus que jamais mobilis\u00e9e, l\u2019association Anim\u2019ta route continue son aventure solidaire avec les habitants du village de Bengassi au Mali.<\/strong> Depuis 2010, l\u2019\u00e9quipe d\u2019Anim\u2019ta route, conduite par Antoine, L\u00e9a, Florent et les autres, s\u2019est rendue \u00e0 plusieurs reprises l\u00e0-bas pour y mener des animations \u00e9ducatives et culturelles aupr\u00e8s des enfants du village. Au fil du temps, son action s\u2019est \u00e9largie et, en 2013, s\u2019est \u00e9tendue \u00e0 la construction d\u2019une biblioth\u00e8que avec les habitants.<\/p>\n<p style=\"text-align: justify;\"><a href=\"http:\/\/marommeactu.fr\/wp-content\/uploads\/2017\/10\/17883777_1856723184582091_2055409001498520550_n.jpg\"><img loading=\"lazy\" decoding=\"async\" class=\"alignnone size-full wp-image-2696\" src=\"http:\/\/marommeactu.fr\/wp-content\/uploads\/2017\/10\/17883777_1856723184582091_2055409001498520550_n.jpg\" alt=\"17883777_1856723184582091_2055409001498520550_n\" width=\"960\" height=\"720\" srcset=\"https:\/\/marommeactu.fr\/wp-content\/uploads\/2017\/10\/17883777_1856723184582091_2055409001498520550_n.jpg 960w, https:\/\/marommeactu.fr\/wp-content\/uploads\/2017\/10\/17883777_1856723184582091_2055409001498520550_n-300x225.jpg 300w, https:\/\/marommeactu.fr\/wp-content\/uploads\/2017\/10\/17883777_1856723184582091_2055409001498520550_n-768x576.jpg 768w, https:\/\/marommeactu.fr\/wp-content\/uploads\/2017\/10\/17883777_1856723184582091_2055409001498520550_n-400x300.jpg 400w\" sizes=\"(max-width: 960px) 100vw, 960px\" \/><\/a><br \/>\nLeur derni\u00e8re mission au Mali a consist\u00e9 au printemps 2017 \u00e0 construire une nouvelle \u00e9cole suite \u00e0 de r\u00e9guli\u00e8res demandes de la part de l\u2019\u00e9quipe enseignante. Gr\u00e2ce \u00e0 une subvention du Fonds Social de D\u00e9veloppement de l\u2019ambassade de France au Mali, Anim\u2019ta route a pu financer \u00e0 hauteur de 70% la construction de cette \u00e9cole. Aujourd\u2019hui, le b\u00e2timent est termin\u00e9. Reste des travaux d\u2019am\u00e9nagement int\u00e9rieur (peinture\u2026), \u00e0 la meubler et \u00e0 doter les \u00e9l\u00e8ves de mat\u00e9riels scolaires. C\u2019est le programme de la prochaine mission pr\u00e9vue avant la fin de l\u2019ann\u00e9e. Pour mener \u00e0 bien cette derni\u00e8re \u00e9tape, les membres d\u2019Animta\u2019route ont lanc\u00e9 un financement participatif sur la plateforme Hello Asso, afin que chacun puisse accompagner et prendre part \u00e0 ce beau projet solidaire.<br \/>\n<strong>Pour faire un don :<\/strong><br \/>\n<a href=\"https:\/\/www.helloasso.com\/associations\/anim-ta-route\">https:\/\/www.helloasso.com\/associations\/anim-ta-route<\/a><\/p>\n<p><a href=\"http:\/\/marommeactu.fr\/wp-content\/uploads\/2017\/10\/Affiche-20oct.jpg\"><img loading=\"lazy\" decoding=\"async\" class=\"alignnone size-medium wp-image-2698\" src=\"http:\/\/marommeactu.fr\/wp-content\/uploads\/2017\/10\/Affiche-20oct-212x300.jpg\" alt=\"Affiche-20oct\" width=\"212\" height=\"300\" srcset=\"https:\/\/marommeactu.fr\/wp-content\/uploads\/2017\/10\/Affiche-20oct-212x300.jpg 212w, https:\/\/marommeactu.fr\/wp-content\/uploads\/2017\/10\/Affiche-20oct-768x1086.jpg 768w, https:\/\/marommeactu.fr\/wp-content\/uploads\/2017\/10\/Affiche-20oct-724x1024.jpg 724w, https:\/\/marommeactu.fr\/wp-content\/uploads\/2017\/10\/Affiche-20oct.jpg 842w\" sizes=\"(max-width: 212px) 100vw, 212px\" \/><\/a><a href=\"http:\/\/marommeactu.fr\/wp-content\/uploads\/2017\/10\/Affiche-19nov.jpg\"><img loading=\"lazy\" decoding=\"async\" class=\"alignnone size-medium wp-image-2697\" src=\"http:\/\/marommeactu.fr\/wp-content\/uploads\/2017\/10\/Affiche-19nov-212x300.jpg\" alt=\"Affiche-19nov\" width=\"212\" height=\"300\" srcset=\"https:\/\/marommeactu.fr\/wp-content\/uploads\/2017\/10\/Affiche-19nov-212x300.jpg 212w, https:\/\/marommeactu.fr\/wp-content\/uploads\/2017\/10\/Affiche-19nov-768x1086.jpg 768w, https:\/\/marommeactu.fr\/wp-content\/uploads\/2017\/10\/Affiche-19nov-724x1024.jpg 724w, https:\/\/marommeactu.fr\/wp-content\/uploads\/2017\/10\/Affiche-19nov.jpg 842w\" sizes=\"(max-width: 212px) 100vw, 212px\" \/><\/a><\/p>\n<p style=\"text-align: justify;\"><strong>Mobilisation de concert<\/strong><br \/>\nPour donner de l\u2019\u00e9cho \u00e0 cette action, \u00c9milie Loisel, directrice de l\u2019\u00e9cole de musique de Maromme, a propos\u00e9 \u00e0 l\u2019association une action culturelle. \u00ab<em>La musique est un langage universel<\/em>\u00bbexplique l\u2019int\u00e9ress\u00e9e. \u00ab<em>Il nous paraissait pertinent qu\u2019elle soit la cl\u00e9 d\u2019entr\u00e9e pour faire conna\u00eetre plus largement le travail de cette association. (<\/em>\u2026) <em>en profiter pour d\u00e9couvrir le r\u00e9pertoire traditionnel africain et ouvrir nos \u00e9l\u00e8ves sur le monde gr\u00e2ce \u00e0 un projet solidaire, p\u00e9dagogique et artistique<\/em>\u00bb. Une s\u00e9rie de concerts est ainsi organis\u00e9e durant le mois d\u2019octobre autour du r\u00e9pertoire africain. Dans le m\u00eame temps, une exposition photographique d\u2019Anim\u2019ta route sur le th\u00e8me de l\u2019\u00e9cole sera install\u00e9e dans l\u2019\u00e9cole de musique. Enfin, la compagnie Sank\u00e9 offrira un concert de percussions et de danse avec les \u00e9l\u00e8ves de l\u2019\u00e9cole, le 20 octobre.<br \/>\n\u00ab<em>L\u2019objectif est donc de proposer une ouverture culturelle sur le Mali \u00e0 travers l\u2019exposition et une intervention \u00abconf\u00e9rence\u00bb pour des \u00e9l\u00e8ves qui auront l\u2019occasion de travailler la musique africaine\/malienne.<\/em> (\u2026) <em>autant de moments de rencontres et d\u2019\u00e9changes pour informer sur notre initiative<\/em>\u00bb explique Antoine Capon d\u2019Anim\u2019ta route.<\/p>\n<p><strong>Collecte de mat\u00e9riels et fournitures scolaires<\/strong><br \/>\n<strong>Enfin et surtout, du 02 au 20 octobre, une r\u00e9colte de mat\u00e9riels scolaires, soutenue par les \u00e9l\u00e8ves de l\u2019\u00e9cole de musique est organis\u00e9e. Vous pouvez ainsi apporter vos dons aux heures d\u2019ouverture de l\u2019\u00e9cole municipale de musique.<\/strong><\/p>\n<p>Ouverture du secr\u00e9tariat au public<br \/>\nMardi et jeudi de 16h \u00e0 19h \/ mercredi de 14h \u00e0 19h \/ samedi de 9h \u00e0 12h<\/p>\n<p>Anim \u2018ta route : <strong>07 62 90 91 25<\/strong><br \/>\nEmail : <a href=\"mailto:animtaroute@gmail.com\"><strong>animtaroute@gmail.com<\/strong> <\/a><br \/>\nSite : <a href=\"https:\/\/anim-ta-route.jimdo.com\/\"><strong>anim-ta-route.jimdo.com<\/strong><\/a><\/p>\n","protected":false},"excerpt":{"rendered":"<p>Toujours et plus que jamais mobilis\u00e9e, l\u2019association Anim\u2019ta route continue son aventure solidaire avec les habitants du village de Bengassi au Mali. Depuis 2010, l\u2019\u00e9quipe d\u2019Anim\u2019ta route, conduite par Antoine, L\u00e9a, Florent et les autres, s\u2019est rendue \u00e0 plusieurs reprises l\u00e0-bas pour y mener des animations \u00e9ducatives et culturelles aupr\u00e8s des enfants du village. Au&#8230; <\/p>\n<div class=\"link-more\"><a href=\"https:\/\/marommeactu.fr\/?p=2694\">En savoir plus<\/a><\/div>\n","protected":false},"author":1,"featured_media":2699,"comment_status":"closed","ping_status":"closed","sticky":false,"template":"","format":"standard","meta":{"footnotes":""},"categories":[4],"tags":[],"_links":{"self":[{"href":"https:\/\/marommeactu.fr\/index.php?rest_route=\/wp\/v2\/posts\/2694"}],"collection":[{"href":"https:\/\/marommeactu.fr\/index.php?rest_route=\/wp\/v2\/posts"}],"about":[{"href":"https:\/\/marommeactu.fr\/index.php?rest_route=\/wp\/v2\/types\/post"}],"author":[{"embeddable":true,"href":"https:\/\/marommeactu.fr\/index.php?rest_route=\/wp\/v2\/users\/1"}],"replies":[{"embeddable":true,"href":"https:\/\/marommeactu.fr\/index.php?rest_route=%2Fwp%2Fv2%2Fcomments&post=2694"}],"version-history":[{"count":2,"href":"https:\/\/marommeactu.fr\/index.php?rest_route=\/wp\/v2\/posts\/2694\/revisions"}],"predecessor-version":[{"id":2701,"href":"https:\/\/marommeactu.fr\/index.php?rest_route=\/wp\/v2\/posts\/2694\/revisions\/2701"}],"wp:featuredmedia":[{"embeddable":true,"href":"https:\/\/marommeactu.fr\/index.php?rest_route=\/wp\/v2\/media\/2699"}],"wp:attachment":[{"href":"https:\/\/marommeactu.fr\/index.php?rest_route=%2Fwp%2Fv2%2Fmedia&parent=2694"}],"wp:term":[{"taxonomy":"category","embeddable":true,"href":"https:\/\/marommeactu.fr\/index.php?rest_route=%2Fwp%2Fv2%2Fcategories&post=2694"},{"taxonomy":"post_tag","embeddable":true,"href":"https:\/\/marommeactu.fr\/index.php?rest_route=%2Fwp%2Fv2%2Ftags&post=2694"}],"curies":[{"name":"wp","href":"https:\/\/api.w.org\/{rel}","templated":true}]}}