{"id":2671,"date":"2017-09-29T10:43:17","date_gmt":"2017-09-29T08:43:17","guid":{"rendered":"http:\/\/marommeactu.fr\/?p=2671"},"modified":"2017-09-29T19:41:31","modified_gmt":"2017-09-29T17:41:31","slug":"le-conseil-municipal-choisit-deux-figures-du-feminisme","status":"publish","type":"post","link":"https:\/\/marommeactu.fr\/?p=2671","title":{"rendered":"Le Conseil Municipal choisit deux figures du f\u00e9minisme"},"content":{"rendered":"<p style=\"text-align: justify;\"><a href=\"http:\/\/marommeactu.fr\/wp-content\/uploads\/2017\/09\/vf_simone_veil_ivg_slider_6287.jpeg_north_1160x630_white.jpg\"><img loading=\"lazy\" decoding=\"async\" class=\"alignnone size-full wp-image-2673\" src=\"http:\/\/marommeactu.fr\/wp-content\/uploads\/2017\/09\/vf_simone_veil_ivg_slider_6287.jpeg_north_1160x630_white.jpg\" alt=\"vf_simone_veil_ivg_slider_6287.jpeg_north_1160x630_white\" width=\"1160\" height=\"630\" srcset=\"https:\/\/marommeactu.fr\/wp-content\/uploads\/2017\/09\/vf_simone_veil_ivg_slider_6287.jpeg_north_1160x630_white.jpg 1160w, https:\/\/marommeactu.fr\/wp-content\/uploads\/2017\/09\/vf_simone_veil_ivg_slider_6287.jpeg_north_1160x630_white-300x163.jpg 300w, https:\/\/marommeactu.fr\/wp-content\/uploads\/2017\/09\/vf_simone_veil_ivg_slider_6287.jpeg_north_1160x630_white-768x417.jpg 768w, https:\/\/marommeactu.fr\/wp-content\/uploads\/2017\/09\/vf_simone_veil_ivg_slider_6287.jpeg_north_1160x630_white-1024x556.jpg 1024w, https:\/\/marommeactu.fr\/wp-content\/uploads\/2017\/09\/vf_simone_veil_ivg_slider_6287.jpeg_north_1160x630_white-552x300.jpg 552w\" sizes=\"(max-width: 1160px) 100vw, 1160px\" \/><\/a>Hier, ce 28 septembre \u00e9tait consacr\u00e9 journ\u00e9e mondiale du droit \u00e0 l\u2019avortement. Le Conseil Municipal, r\u00e9uni en assembl\u00e9e pl\u00e9ni\u00e8re, ne pouvait trouver jour plus symbolique pour ent\u00e9riner sa d\u00e9cision d\u2019attribuer le nom de <strong>Simone Veil<\/strong> \u00e0 la future rue qui sera r\u00e9alis\u00e9e dans le nouveau quartier de Binche. Ic\u00f4ne de la lutte pour les droits des femmes, ancienne ministre de la Sant\u00e9 et femme politique, Simone Veil a marqu\u00e9 l\u2019histoire notamment lors de son combat sur la loi autorisant l\u2019Interruption Volontaire de Grossesse (IVG). Premi\u00e8re pr\u00e9sidente du Parlement europ\u00e9en \u00e9lue au suffrage universel, elle y a, avec d\u2019autres femmes, cr\u00e9\u00e9 une Commission des droits des femmes.<br \/>\nDans la foul\u00e9e, les \u00e9lus ont \u00e9galement choisi de renommer le mail Oadby-Wigston (dont le jumelage avec cette ville anglaise a p\u00e9riclit\u00e9), <strong>Mail Louise Michel<\/strong>. Figure majeure de la Commune de Paris, Louise Michel \u00e9tait, elle aussi, une fervente d\u00e9fenseuse des id\u00e9es f\u00e9ministes.<\/p>\n<p style=\"text-align: justify;\"><a href=\"http:\/\/marommeactu.fr\/wp-content\/uploads\/2017\/09\/800px-Louise_Michel_grayscale.jpg\"><img loading=\"lazy\" decoding=\"async\" class=\"alignnone size-full wp-image-2672\" src=\"http:\/\/marommeactu.fr\/wp-content\/uploads\/2017\/09\/800px-Louise_Michel_grayscale.jpg\" alt=\"800px-Louise_Michel,_grayscale\" width=\"800\" height=\"1214\" srcset=\"https:\/\/marommeactu.fr\/wp-content\/uploads\/2017\/09\/800px-Louise_Michel_grayscale.jpg 800w, https:\/\/marommeactu.fr\/wp-content\/uploads\/2017\/09\/800px-Louise_Michel_grayscale-198x300.jpg 198w, https:\/\/marommeactu.fr\/wp-content\/uploads\/2017\/09\/800px-Louise_Michel_grayscale-768x1165.jpg 768w, https:\/\/marommeactu.fr\/wp-content\/uploads\/2017\/09\/800px-Louise_Michel_grayscale-675x1024.jpg 675w\" sizes=\"(max-width: 800px) 100vw, 800px\" \/><\/a><br \/>\n\u00c0 travers ces deux d\u00e9lib\u00e9rations, les \u00e9lus ont rappel\u00e9 combien ils \u00e9taient attach\u00e9s \u00e0 promouvoir la Charte de la parit\u00e9 qu\u2019ils ont sign\u00e9e il y a plus de quatre ans. Apr\u00e8s Olympe de Gouges, Rosa Park, Simone de Beauvoir et Nathalie Lemel (dont Louise Michel \u00e9tait une proche), ce sont deux nouvelles r\u00e9f\u00e9rences du f\u00e9minisme qui s\u2019installent \u00e0 Maromme.\u00a0 Au-del\u00e0 de la symbolique, il s\u2019agit pour les \u00e9lus de faire valoir leur volont\u00e9 de donner une place plus juste aux femmes. D\u00e9nommer une rue n\u2019est jamais anodin. Elles sont des rep\u00e8res pour chacun dans les villes comme les grandes figures le sont dans l\u2019histoire de l\u2019humanit\u00e9. Inscrire le nom de ces femmes dans l\u2019espace public, c\u2019est aussi les inscrire dans la m\u00e9moire collective.<\/p>\n<p><span style=\"border-radius: 2px; text-indent: 20px; width: auto; padding: 0px 4px 0px 0px; text-align: center; font: bold 11px\/20px 'Helvetica Neue',Helvetica,sans-serif; color: #ffffff; background: #bd081c no-repeat scroll 3px 50% \/ 14px 14px; position: absolute; opacity: 1; z-index: 8675309; display: none; cursor: pointer; top: 903px; left: 20px;\">Enregistrer<\/span><\/p>\n","protected":false},"excerpt":{"rendered":"<p>Hier, ce 28 septembre \u00e9tait consacr\u00e9 journ\u00e9e mondiale du droit \u00e0 l\u2019avortement. Le Conseil Municipal, r\u00e9uni en assembl\u00e9e pl\u00e9ni\u00e8re, ne pouvait trouver jour plus symbolique pour ent\u00e9riner sa d\u00e9cision d\u2019attribuer le nom de Simone Veil \u00e0 la future rue qui sera r\u00e9alis\u00e9e dans le nouveau quartier de Binche. Ic\u00f4ne de la lutte pour les droits&#8230; <\/p>\n<div class=\"link-more\"><a href=\"https:\/\/marommeactu.fr\/?p=2671\">En savoir plus<\/a><\/div>\n","protected":false},"author":1,"featured_media":2674,"comment_status":"closed","ping_status":"closed","sticky":false,"template":"","format":"standard","meta":{"footnotes":""},"categories":[4],"tags":[],"_links":{"self":[{"href":"https:\/\/marommeactu.fr\/index.php?rest_route=\/wp\/v2\/posts\/2671"}],"collection":[{"href":"https:\/\/marommeactu.fr\/index.php?rest_route=\/wp\/v2\/posts"}],"about":[{"href":"https:\/\/marommeactu.fr\/index.php?rest_route=\/wp\/v2\/types\/post"}],"author":[{"embeddable":true,"href":"https:\/\/marommeactu.fr\/index.php?rest_route=\/wp\/v2\/users\/1"}],"replies":[{"embeddable":true,"href":"https:\/\/marommeactu.fr\/index.php?rest_route=%2Fwp%2Fv2%2Fcomments&post=2671"}],"version-history":[{"count":4,"href":"https:\/\/marommeactu.fr\/index.php?rest_route=\/wp\/v2\/posts\/2671\/revisions"}],"predecessor-version":[{"id":2684,"href":"https:\/\/marommeactu.fr\/index.php?rest_route=\/wp\/v2\/posts\/2671\/revisions\/2684"}],"wp:featuredmedia":[{"embeddable":true,"href":"https:\/\/marommeactu.fr\/index.php?rest_route=\/wp\/v2\/media\/2674"}],"wp:attachment":[{"href":"https:\/\/marommeactu.fr\/index.php?rest_route=%2Fwp%2Fv2%2Fmedia&parent=2671"}],"wp:term":[{"taxonomy":"category","embeddable":true,"href":"https:\/\/marommeactu.fr\/index.php?rest_route=%2Fwp%2Fv2%2Fcategories&post=2671"},{"taxonomy":"post_tag","embeddable":true,"href":"https:\/\/marommeactu.fr\/index.php?rest_route=%2Fwp%2Fv2%2Ftags&post=2671"}],"curies":[{"name":"wp","href":"https:\/\/api.w.org\/{rel}","templated":true}]}}