{"id":2656,"date":"2017-09-28T10:20:50","date_gmt":"2017-09-28T08:20:50","guid":{"rendered":"http:\/\/marommeactu.fr\/?p=2656"},"modified":"2017-09-28T10:20:50","modified_gmt":"2017-09-28T08:20:50","slug":"nouvelles-aires-a-paul-fort","status":"publish","type":"post","link":"https:\/\/marommeactu.fr\/?p=2656","title":{"rendered":"Nouvelles aires \u00e0 Paul Fort"},"content":{"rendered":"<p style=\"text-align: justify;\">Initialement pr\u00e9vue pour les vacances de la Toussaint, l&rsquo;installation des deux nouvelles aires de jeux \u00e0 l&rsquo;\u00e9cole maternelle Paul Fort \u00e0 La Maine a finalement \u00e9t\u00e9 anticip\u00e9e pour la plus grande joie des \u00e9l\u00e8ves. Pour m\u00e9moire, cet \u00e9t\u00e9, la Ville de Maromme avait fait proc\u00e9der \u00e0 d&rsquo;importants travaux de r\u00e9novation avec notamment des am\u00e9nagements int\u00e9rieurs (peinture, cloisons, etc\u2026) et une r\u00e9fection compl\u00e8te de sa cour de r\u00e9cr\u00e9ation. Une reconfiguration des espaces verts et l&rsquo;implantation de cl\u00f4ture avaient redessin\u00e9 l&rsquo;ensemble. La pose d&rsquo;un nouvel enrob\u00e9 avait aussi, et cela n&rsquo;avait pas \u00e9chapp\u00e9 aux \u00e9l\u00e8ves, laiss\u00e9 un espace libre pour accueillir de nouvelles aires ludiques. Les jeux sont arriv\u00e9s cette semaine. Ils sont install\u00e9s. L&rsquo;entreprise en charge de ces travaux s&rsquo;active \u00e0 la pose du rev\u00eatement de s\u00e9curit\u00e9. L&rsquo;impatience des enfants est grande. Ils devraient pouvoir en profiter d\u00e8s lundi prochain.<\/p>\n<p style=\"text-align: justify;\"><a href=\"http:\/\/marommeactu.fr\/wp-content\/uploads\/2017\/09\/PF-5483.jpg\"><img loading=\"lazy\" decoding=\"async\" class=\"alignnone size-full wp-image-2657\" src=\"http:\/\/marommeactu.fr\/wp-content\/uploads\/2017\/09\/PF-5483.jpg\" alt=\"PF-5483\" width=\"1224\" height=\"816\" srcset=\"https:\/\/marommeactu.fr\/wp-content\/uploads\/2017\/09\/PF-5483.jpg 1224w, https:\/\/marommeactu.fr\/wp-content\/uploads\/2017\/09\/PF-5483-300x200.jpg 300w, https:\/\/marommeactu.fr\/wp-content\/uploads\/2017\/09\/PF-5483-768x512.jpg 768w, https:\/\/marommeactu.fr\/wp-content\/uploads\/2017\/09\/PF-5483-1024x683.jpg 1024w, https:\/\/marommeactu.fr\/wp-content\/uploads\/2017\/09\/PF-5483-288x192.jpg 288w, https:\/\/marommeactu.fr\/wp-content\/uploads\/2017\/09\/PF-5483-960x640.jpg 960w, https:\/\/marommeactu.fr\/wp-content\/uploads\/2017\/09\/PF-5483-450x300.jpg 450w\" sizes=\"(max-width: 1224px) 100vw, 1224px\" \/><\/a><\/p>\n<p style=\"text-align: justify;\"><a href=\"http:\/\/marommeactu.fr\/wp-content\/uploads\/2017\/09\/PF-5499.jpg\"><img loading=\"lazy\" decoding=\"async\" class=\"alignnone size-full wp-image-2660\" src=\"http:\/\/marommeactu.fr\/wp-content\/uploads\/2017\/09\/PF-5499.jpg\" alt=\"PF-5499\" width=\"816\" height=\"1224\" srcset=\"https:\/\/marommeactu.fr\/wp-content\/uploads\/2017\/09\/PF-5499.jpg 816w, https:\/\/marommeactu.fr\/wp-content\/uploads\/2017\/09\/PF-5499-200x300.jpg 200w, https:\/\/marommeactu.fr\/wp-content\/uploads\/2017\/09\/PF-5499-768x1152.jpg 768w, https:\/\/marommeactu.fr\/wp-content\/uploads\/2017\/09\/PF-5499-683x1024.jpg 683w\" sizes=\"(max-width: 816px) 100vw, 816px\" \/><\/a><\/p>\n","protected":false},"excerpt":{"rendered":"<p>Initialement pr\u00e9vue pour les vacances de la Toussaint, l&rsquo;installation des deux nouvelles aires de jeux \u00e0 l&rsquo;\u00e9cole maternelle Paul Fort \u00e0 La Maine a finalement \u00e9t\u00e9 anticip\u00e9e pour la plus grande joie des \u00e9l\u00e8ves. Pour m\u00e9moire, cet \u00e9t\u00e9, la Ville de Maromme avait fait proc\u00e9der \u00e0 d&rsquo;importants travaux de r\u00e9novation avec notamment des am\u00e9nagements int\u00e9rieurs&#8230; <\/p>\n<div class=\"link-more\"><a href=\"https:\/\/marommeactu.fr\/?p=2656\">En savoir plus<\/a><\/div>\n","protected":false},"author":1,"featured_media":2659,"comment_status":"closed","ping_status":"closed","sticky":false,"template":"","format":"standard","meta":{"footnotes":""},"categories":[4],"tags":[],"_links":{"self":[{"href":"https:\/\/marommeactu.fr\/index.php?rest_route=\/wp\/v2\/posts\/2656"}],"collection":[{"href":"https:\/\/marommeactu.fr\/index.php?rest_route=\/wp\/v2\/posts"}],"about":[{"href":"https:\/\/marommeactu.fr\/index.php?rest_route=\/wp\/v2\/types\/post"}],"author":[{"embeddable":true,"href":"https:\/\/marommeactu.fr\/index.php?rest_route=\/wp\/v2\/users\/1"}],"replies":[{"embeddable":true,"href":"https:\/\/marommeactu.fr\/index.php?rest_route=%2Fwp%2Fv2%2Fcomments&post=2656"}],"version-history":[{"count":2,"href":"https:\/\/marommeactu.fr\/index.php?rest_route=\/wp\/v2\/posts\/2656\/revisions"}],"predecessor-version":[{"id":2662,"href":"https:\/\/marommeactu.fr\/index.php?rest_route=\/wp\/v2\/posts\/2656\/revisions\/2662"}],"wp:featuredmedia":[{"embeddable":true,"href":"https:\/\/marommeactu.fr\/index.php?rest_route=\/wp\/v2\/media\/2659"}],"wp:attachment":[{"href":"https:\/\/marommeactu.fr\/index.php?rest_route=%2Fwp%2Fv2%2Fmedia&parent=2656"}],"wp:term":[{"taxonomy":"category","embeddable":true,"href":"https:\/\/marommeactu.fr\/index.php?rest_route=%2Fwp%2Fv2%2Fcategories&post=2656"},{"taxonomy":"post_tag","embeddable":true,"href":"https:\/\/marommeactu.fr\/index.php?rest_route=%2Fwp%2Fv2%2Ftags&post=2656"}],"curies":[{"name":"wp","href":"https:\/\/api.w.org\/{rel}","templated":true}]}}