{"id":2593,"date":"2017-09-20T12:03:22","date_gmt":"2017-09-20T10:03:22","guid":{"rendered":"http:\/\/marommeactu.fr\/?p=2593"},"modified":"2017-09-20T12:03:22","modified_gmt":"2017-09-20T10:03:22","slug":"le-mois-de-letrange","status":"publish","type":"post","link":"https:\/\/marommeactu.fr\/?p=2593","title":{"rendered":"Le mois de l&rsquo;\u00e9trange"},"content":{"rendered":"<div class=\"page\" title=\"Page 55\">\n<div class=\"section\">\n<div class=\"layoutArea\">\n<div class=\"column\">\n<div class=\"page\" title=\"Page 55\">\n<div class=\"section\">\n<div class=\"layoutArea\">\n<div class=\"column\">\n<p style=\"text-align: justify;\"><strong><a href=\"http:\/\/marommeactu.fr\/wp-content\/uploads\/2017\/09\/AfficheEtrange.jpg\"><img loading=\"lazy\" decoding=\"async\" class=\"alignnone size-full wp-image-2595\" src=\"http:\/\/marommeactu.fr\/wp-content\/uploads\/2017\/09\/AfficheEtrange.jpg\" alt=\"AfficheEtrange\" width=\"842\" height=\"1191\" srcset=\"https:\/\/marommeactu.fr\/wp-content\/uploads\/2017\/09\/AfficheEtrange.jpg 842w, https:\/\/marommeactu.fr\/wp-content\/uploads\/2017\/09\/AfficheEtrange-212x300.jpg 212w, https:\/\/marommeactu.fr\/wp-content\/uploads\/2017\/09\/AfficheEtrange-768x1086.jpg 768w, https:\/\/marommeactu.fr\/wp-content\/uploads\/2017\/09\/AfficheEtrange-724x1024.jpg 724w\" sizes=\"(max-width: 842px) 100vw, 842px\" \/><\/a><\/strong><\/p>\n<p style=\"text-align: justify;\"><strong>La me\u0301diathe\u0300que Le Se\u0301quoi\u0308a accueille durant le mois d\u2019octobre plusieurs auteur(e)s bien inspire\u0301(e)s pour e\u0301voquer l\u2019e\u0301trange. L\u2019occasion lui est ainsi donner d\u2019initier \u00e9galement des ateliers pour explorer le sujet.<\/strong><\/p>\n<\/div>\n<\/div>\n<\/div>\n<\/div>\n<p style=\"text-align: justify;\">Les vampires, le \u00abbizarre\u00bb ou encore les fe\u0301es, le fantastique&#8230; les bibliothe\u0301caires se sont mis en que\u0302te de faire un petit tour d\u2019horizon du monde de l&rsquo;e\u0301trange. Pour cela, elles ont fait appel a\u0300 quelques spe\u0301cialistes, amoureux d&rsquo;e\u0301sote\u0301risme ou de graphisme fantasy. A travers une se\u0301rie de rencontres, diffe\u0301rents ateliers cre\u0301atifs ou encore des soire\u0301es the\u0301matiques propose\u0301s a\u0300 la me\u0301diathe\u0300que, chacun pourra appre\u0301cier l&rsquo;e\u0301tendue de ce sujet aux multiples facettes et laisser son imagination prendre le relais pour arpenter les chemins du fantastique et du merveilleux. En prenant appui sur des activite\u0301s ludiques et cre\u0301atives, les bibliothe\u0301caires entendent, une fois encore, e\u0301riger des passerelles, ouvrir des bre\u0300ches vers la litte\u0301rature. Avec plus d&rsquo;une dizaine de de rendez-vous, ce \u00ab\u00a0mois de l&rsquo;e\u0301trange\u00a0\u00bb devrait e\u0302tre sans nul doute faire quelques e\u0301mules du genre.<\/p>\n<p><a href=\"http:\/\/marommeactu.fr\/wp-content\/uploads\/2017\/09\/MEntrangeDep.pdf\">T\u00e9l\u00e9charger le d\u00e9pliant<\/a><\/p>\n<p><em>Illustration en Une : H\u00e9l\u00e8ne Larbaigt<\/em><\/p>\n<\/div>\n<\/div>\n<\/div>\n<\/div>\n","protected":false},"excerpt":{"rendered":"<p>La me\u0301diathe\u0300que Le Se\u0301quoi\u0308a accueille durant le mois d\u2019octobre plusieurs auteur(e)s bien inspire\u0301(e)s pour e\u0301voquer l\u2019e\u0301trange. L\u2019occasion lui est ainsi donner d\u2019initier \u00e9galement des ateliers pour explorer le sujet. Les vampires, le \u00abbizarre\u00bb ou encore les fe\u0301es, le fantastique&#8230; les bibliothe\u0301caires se sont mis en que\u0302te de faire un petit tour d\u2019horizon du monde de&#8230; <\/p>\n<div class=\"link-more\"><a href=\"https:\/\/marommeactu.fr\/?p=2593\">En savoir plus<\/a><\/div>\n","protected":false},"author":1,"featured_media":2596,"comment_status":"closed","ping_status":"closed","sticky":false,"template":"","format":"standard","meta":{"footnotes":""},"categories":[4,5],"tags":[],"_links":{"self":[{"href":"https:\/\/marommeactu.fr\/index.php?rest_route=\/wp\/v2\/posts\/2593"}],"collection":[{"href":"https:\/\/marommeactu.fr\/index.php?rest_route=\/wp\/v2\/posts"}],"about":[{"href":"https:\/\/marommeactu.fr\/index.php?rest_route=\/wp\/v2\/types\/post"}],"author":[{"embeddable":true,"href":"https:\/\/marommeactu.fr\/index.php?rest_route=\/wp\/v2\/users\/1"}],"replies":[{"embeddable":true,"href":"https:\/\/marommeactu.fr\/index.php?rest_route=%2Fwp%2Fv2%2Fcomments&post=2593"}],"version-history":[{"count":1,"href":"https:\/\/marommeactu.fr\/index.php?rest_route=\/wp\/v2\/posts\/2593\/revisions"}],"predecessor-version":[{"id":2597,"href":"https:\/\/marommeactu.fr\/index.php?rest_route=\/wp\/v2\/posts\/2593\/revisions\/2597"}],"wp:featuredmedia":[{"embeddable":true,"href":"https:\/\/marommeactu.fr\/index.php?rest_route=\/wp\/v2\/media\/2596"}],"wp:attachment":[{"href":"https:\/\/marommeactu.fr\/index.php?rest_route=%2Fwp%2Fv2%2Fmedia&parent=2593"}],"wp:term":[{"taxonomy":"category","embeddable":true,"href":"https:\/\/marommeactu.fr\/index.php?rest_route=%2Fwp%2Fv2%2Fcategories&post=2593"},{"taxonomy":"post_tag","embeddable":true,"href":"https:\/\/marommeactu.fr\/index.php?rest_route=%2Fwp%2Fv2%2Ftags&post=2593"}],"curies":[{"name":"wp","href":"https:\/\/api.w.org\/{rel}","templated":true}]}}