{"id":2540,"date":"2017-09-18T09:25:24","date_gmt":"2017-09-18T07:25:24","guid":{"rendered":"http:\/\/marommeactu.fr\/?p=2540"},"modified":"2017-09-18T09:25:24","modified_gmt":"2017-09-18T07:25:24","slug":"ugo-machefer-rejoint-le-club-de-judo-de-maromme","status":"publish","type":"post","link":"https:\/\/marommeactu.fr\/?p=2540","title":{"rendered":"Ugo M\u00e2chefer rejoint le club de judo de Maromme"},"content":{"rendered":"<p style=\"text-align: justify;\">C\u2019est officiel. Ugo M\u00e2chefer arpentera d\u00e9sormais les tatamis sous couleurs de l\u2019ALM Judo Jujitsu Maromme. \u00c0 18 ans et apr\u00e8s 15 ans de judo, le jeune homme a d\u00e9j\u00e0 un beau palmar\u00e8s derri\u00e8re lui. Vice-champion de France, deux fois m\u00e9daill\u00e9 d\u2019argent au tournoi de France auxquels s\u2019ajoute la troisi\u00e8me marche du podium aux championnats d\u2019Europe par \u00e9quipe, la nouvelle recrue en provenance de Petit-Couronne devient en quelque sorte la figure de proue du club marommais.<br \/>\n<a href=\"http:\/\/marommeactu.fr\/wp-content\/uploads\/2017\/09\/IMG_6751.jpg\"><img loading=\"lazy\" decoding=\"async\" class=\"alignnone size-full wp-image-2542\" src=\"http:\/\/marommeactu.fr\/wp-content\/uploads\/2017\/09\/IMG_6751.jpg\" alt=\"IMG_6751\" width=\"1500\" height=\"1000\" srcset=\"https:\/\/marommeactu.fr\/wp-content\/uploads\/2017\/09\/IMG_6751.jpg 1500w, https:\/\/marommeactu.fr\/wp-content\/uploads\/2017\/09\/IMG_6751-300x200.jpg 300w, https:\/\/marommeactu.fr\/wp-content\/uploads\/2017\/09\/IMG_6751-768x512.jpg 768w, https:\/\/marommeactu.fr\/wp-content\/uploads\/2017\/09\/IMG_6751-1024x683.jpg 1024w, https:\/\/marommeactu.fr\/wp-content\/uploads\/2017\/09\/IMG_6751-288x192.jpg 288w, https:\/\/marommeactu.fr\/wp-content\/uploads\/2017\/09\/IMG_6751-960x640.jpg 960w, https:\/\/marommeactu.fr\/wp-content\/uploads\/2017\/09\/IMG_6751-450x300.jpg 450w\" sizes=\"(max-width: 1500px) 100vw, 1500px\" \/><\/a><br \/>\n\u00ab<em>Ici, j\u2019ai des affinit\u00e9s<\/em>\u00bb avoue le jeune judoka avec le sourire. \u00ab<em>Cela fait plusieurs ann\u00e9es que j\u2019y pense. Je me suis d\u00e9cid\u00e9 \u00e0 la fois pour l\u2019\u00e9tat d\u2019esprit qui r\u00e8gne au sein du club, la rigueur, le s\u00e9rieux et l\u2019esprit de famille<\/em> (\u2026) <em>mais aussi et surtout pour l\u2019aspect technique, parfaire mon judo<\/em>\u00bb. Ugo M\u00e2chefer est \u00ab<em>un perfectionniste, un vrai combattant<\/em>\u00bb (dixit le pr\u00e9sident du club, Christophe Durand) m\u00eame si pour Ugo \u00ab<em>le mental est essentiel avant tout. L\u2019envie de gagner, c\u2019est cela qui me motive. Quand je suis dans le combat, je ne l\u00e2che rien<\/em>\u00bb explique-t-il.<br \/>\nPour Christophe Durand, le pr\u00e9sident du club, l\u2019arriv\u00e9e de cet athl\u00e8te est une reconnaissance des qualit\u00e9s formatrices du club. Il faut dire que R\u00e9mi Bracq, mais aussi Jonathan Lejeune, les deux entra\u00eeneurs b\u00e9n\u00e9ficient d\u2019une belle notori\u00e9t\u00e9 dans le monde du judo. \u00ab<em>Avec Ugo M\u00e2cheferva en chef de file de l\u2019\u00e9lite, nous allons pouvoir d\u00e9velopper davantage le haut niveau au sein du club.<\/em> (\u2026)<em> Cela tombe bien puisque beaucoup de nos athl\u00e8tes sont attente de cela<\/em>\u00bb confie le pr\u00e9sident. \u00ab<em>Il va \u00eatre une locomotive autant pour les pr\u00e9tendants aux plus hautes marches des podiums que pour les jeunes tigres du club<\/em>\u00bb. Enfin, cette nouvelle recrue est aussi celle du Minist\u00e8re, \u00ab\u00a0<em>inscrit pour la saison 2017 2018 des athl\u00e8tes en registre sur liste minist\u00e9rielle<\/em>\u00ab\u00a0. Rien de moins ! \u00c0 suivre.<\/p>\n","protected":false},"excerpt":{"rendered":"<p>C\u2019est officiel. Ugo M\u00e2chefer arpentera d\u00e9sormais les tatamis sous couleurs de l\u2019ALM Judo Jujitsu Maromme. \u00c0 18 ans et apr\u00e8s 15 ans de judo, le jeune homme a d\u00e9j\u00e0 un beau palmar\u00e8s derri\u00e8re lui. Vice-champion de France, deux fois m\u00e9daill\u00e9 d\u2019argent au tournoi de France auxquels s\u2019ajoute la troisi\u00e8me marche du podium aux championnats d\u2019Europe&#8230; <\/p>\n<div class=\"link-more\"><a href=\"https:\/\/marommeactu.fr\/?p=2540\">En savoir plus<\/a><\/div>\n","protected":false},"author":1,"featured_media":2542,"comment_status":"closed","ping_status":"closed","sticky":false,"template":"","format":"standard","meta":{"footnotes":""},"categories":[4],"tags":[],"_links":{"self":[{"href":"https:\/\/marommeactu.fr\/index.php?rest_route=\/wp\/v2\/posts\/2540"}],"collection":[{"href":"https:\/\/marommeactu.fr\/index.php?rest_route=\/wp\/v2\/posts"}],"about":[{"href":"https:\/\/marommeactu.fr\/index.php?rest_route=\/wp\/v2\/types\/post"}],"author":[{"embeddable":true,"href":"https:\/\/marommeactu.fr\/index.php?rest_route=\/wp\/v2\/users\/1"}],"replies":[{"embeddable":true,"href":"https:\/\/marommeactu.fr\/index.php?rest_route=%2Fwp%2Fv2%2Fcomments&post=2540"}],"version-history":[{"count":2,"href":"https:\/\/marommeactu.fr\/index.php?rest_route=\/wp\/v2\/posts\/2540\/revisions"}],"predecessor-version":[{"id":2544,"href":"https:\/\/marommeactu.fr\/index.php?rest_route=\/wp\/v2\/posts\/2540\/revisions\/2544"}],"wp:featuredmedia":[{"embeddable":true,"href":"https:\/\/marommeactu.fr\/index.php?rest_route=\/wp\/v2\/media\/2542"}],"wp:attachment":[{"href":"https:\/\/marommeactu.fr\/index.php?rest_route=%2Fwp%2Fv2%2Fmedia&parent=2540"}],"wp:term":[{"taxonomy":"category","embeddable":true,"href":"https:\/\/marommeactu.fr\/index.php?rest_route=%2Fwp%2Fv2%2Fcategories&post=2540"},{"taxonomy":"post_tag","embeddable":true,"href":"https:\/\/marommeactu.fr\/index.php?rest_route=%2Fwp%2Fv2%2Ftags&post=2540"}],"curies":[{"name":"wp","href":"https:\/\/api.w.org\/{rel}","templated":true}]}}