{"id":2469,"date":"2017-09-11T10:12:13","date_gmt":"2017-09-11T08:12:13","guid":{"rendered":"http:\/\/marommeactu.fr\/?p=2469"},"modified":"2017-09-11T10:12:13","modified_gmt":"2017-09-11T08:12:13","slug":"les-derniers-eleves-ont-enfin-fait-leur-rentree","status":"publish","type":"post","link":"https:\/\/marommeactu.fr\/?p=2469","title":{"rendered":"Les derniers \u00e9l\u00e8ves ont (enfin) fait leur rentr\u00e9e !"},"content":{"rendered":"<p style=\"text-align: justify;\">Le soulagement \u00e9tait perceptible ce matin \u00e0 l&rsquo;\u00e9cole maternelle Th\u00e9r\u00e8se Delbos apr\u00e8s quelques jours d&rsquo;attente et d&rsquo;inqui\u00e9tudes. Parents, enfants, toute l&rsquo;\u00e9quipe \u00e9ducative ainsi que les \u00e9lus, David Lamiray et Marie-Claude Masurier, adjointe \u00e0 l&rsquo;\u00c9ducation, affichaient\u00a0 leur satisfaction qu&rsquo;une issue favorable ait pu \u00eatre trouv\u00e9e. En effet, pour une quarantaine d&rsquo;enfants,\u00a0 la rentr\u00e9e n&rsquo;avait pu avoir lieu le jour J. L&rsquo;augmentation des inscriptions avait conduit, lundi dernier, la directrice et l&rsquo;inspecteur \u00e0 un recensement pr\u00e9cis du nombre d&rsquo;\u00e9l\u00e8ves. Celui-ci concluait \u00e0 des effectifs\u00a0 s&rsquo;\u00e9levant \u00e0 pr\u00e8s de 30 d&rsquo;\u00e9l\u00e8ves par classe. Une situation intenable en terme d&rsquo;accueil et de qualit\u00e9 d&rsquo;enseignement d&rsquo;autant que l&rsquo;\u00e9cole est int\u00e9gr\u00e9e au R\u00e9seau d&rsquo;\u00c9ducation Prioritaire (REP). Face \u00e0 ce constat et suite \u00e0 un courrier du Maire, la Directrice acad\u00e9mique des Services de l\u2019Education Nationale annon\u00e7ait jeudi dernier l&rsquo;ouverture d&rsquo;une classe suppl\u00e9mentaire. Aujourd&rsquo;hui, c&rsquo;\u00e9tait enfin jour de rentr\u00e9e pour les petits.<\/p>\n<p><a href=\"http:\/\/marommeactu.fr\/wp-content\/uploads\/2017\/09\/Delb-6650.jpg\"><img loading=\"lazy\" decoding=\"async\" class=\"alignnone size-full wp-image-2470\" src=\"http:\/\/marommeactu.fr\/wp-content\/uploads\/2017\/09\/Delb-6650.jpg\" alt=\"Delb-6650\" width=\"1224\" height=\"816\" srcset=\"https:\/\/marommeactu.fr\/wp-content\/uploads\/2017\/09\/Delb-6650.jpg 1224w, https:\/\/marommeactu.fr\/wp-content\/uploads\/2017\/09\/Delb-6650-300x200.jpg 300w, https:\/\/marommeactu.fr\/wp-content\/uploads\/2017\/09\/Delb-6650-768x512.jpg 768w, https:\/\/marommeactu.fr\/wp-content\/uploads\/2017\/09\/Delb-6650-1024x683.jpg 1024w, https:\/\/marommeactu.fr\/wp-content\/uploads\/2017\/09\/Delb-6650-288x192.jpg 288w, https:\/\/marommeactu.fr\/wp-content\/uploads\/2017\/09\/Delb-6650-960x640.jpg 960w, https:\/\/marommeactu.fr\/wp-content\/uploads\/2017\/09\/Delb-6650-450x300.jpg 450w\" sizes=\"(max-width: 1224px) 100vw, 1224px\" \/><\/a><\/p>\n<p><em>La directrice de l\u2019\u00e9cole, Catherine Pontillon, proc\u00e8de aux inscriptions d\u00e9finitives.<\/em><a href=\"http:\/\/marommeactu.fr\/wp-content\/uploads\/2017\/09\/Delb-6655.jpg\"><img loading=\"lazy\" decoding=\"async\" class=\"alignnone size-full wp-image-2471\" src=\"http:\/\/marommeactu.fr\/wp-content\/uploads\/2017\/09\/Delb-6655.jpg\" alt=\"Delb-6655\" width=\"1224\" height=\"816\" srcset=\"https:\/\/marommeactu.fr\/wp-content\/uploads\/2017\/09\/Delb-6655.jpg 1224w, https:\/\/marommeactu.fr\/wp-content\/uploads\/2017\/09\/Delb-6655-300x200.jpg 300w, https:\/\/marommeactu.fr\/wp-content\/uploads\/2017\/09\/Delb-6655-768x512.jpg 768w, https:\/\/marommeactu.fr\/wp-content\/uploads\/2017\/09\/Delb-6655-1024x683.jpg 1024w, https:\/\/marommeactu.fr\/wp-content\/uploads\/2017\/09\/Delb-6655-288x192.jpg 288w, https:\/\/marommeactu.fr\/wp-content\/uploads\/2017\/09\/Delb-6655-960x640.jpg 960w, https:\/\/marommeactu.fr\/wp-content\/uploads\/2017\/09\/Delb-6655-450x300.jpg 450w\" sizes=\"(max-width: 1224px) 100vw, 1224px\" \/><\/a><\/p>\n<p><em>David Lamiray et Marie-Claude Masurier, adjointe charg\u00e9e de l&rsquo;\u00c9ducation, sont venus assister \u00e0 cette deuxi\u00e8me rentr\u00e9e.<\/em><\/p>\n","protected":false},"excerpt":{"rendered":"<p>Le soulagement \u00e9tait perceptible ce matin \u00e0 l&rsquo;\u00e9cole maternelle Th\u00e9r\u00e8se Delbos apr\u00e8s quelques jours d&rsquo;attente et d&rsquo;inqui\u00e9tudes. Parents, enfants, toute l&rsquo;\u00e9quipe \u00e9ducative ainsi que les \u00e9lus, David Lamiray et Marie-Claude Masurier, adjointe \u00e0 l&rsquo;\u00c9ducation, affichaient\u00a0 leur satisfaction qu&rsquo;une issue favorable ait pu \u00eatre trouv\u00e9e. En effet, pour une quarantaine d&rsquo;enfants,\u00a0 la rentr\u00e9e n&rsquo;avait pu avoir&#8230; <\/p>\n<div class=\"link-more\"><a href=\"https:\/\/marommeactu.fr\/?p=2469\">En savoir plus<\/a><\/div>\n","protected":false},"author":1,"featured_media":2472,"comment_status":"closed","ping_status":"closed","sticky":false,"template":"","format":"standard","meta":{"footnotes":""},"categories":[4],"tags":[],"_links":{"self":[{"href":"https:\/\/marommeactu.fr\/index.php?rest_route=\/wp\/v2\/posts\/2469"}],"collection":[{"href":"https:\/\/marommeactu.fr\/index.php?rest_route=\/wp\/v2\/posts"}],"about":[{"href":"https:\/\/marommeactu.fr\/index.php?rest_route=\/wp\/v2\/types\/post"}],"author":[{"embeddable":true,"href":"https:\/\/marommeactu.fr\/index.php?rest_route=\/wp\/v2\/users\/1"}],"replies":[{"embeddable":true,"href":"https:\/\/marommeactu.fr\/index.php?rest_route=%2Fwp%2Fv2%2Fcomments&post=2469"}],"version-history":[{"count":2,"href":"https:\/\/marommeactu.fr\/index.php?rest_route=\/wp\/v2\/posts\/2469\/revisions"}],"predecessor-version":[{"id":2474,"href":"https:\/\/marommeactu.fr\/index.php?rest_route=\/wp\/v2\/posts\/2469\/revisions\/2474"}],"wp:featuredmedia":[{"embeddable":true,"href":"https:\/\/marommeactu.fr\/index.php?rest_route=\/wp\/v2\/media\/2472"}],"wp:attachment":[{"href":"https:\/\/marommeactu.fr\/index.php?rest_route=%2Fwp%2Fv2%2Fmedia&parent=2469"}],"wp:term":[{"taxonomy":"category","embeddable":true,"href":"https:\/\/marommeactu.fr\/index.php?rest_route=%2Fwp%2Fv2%2Fcategories&post=2469"},{"taxonomy":"post_tag","embeddable":true,"href":"https:\/\/marommeactu.fr\/index.php?rest_route=%2Fwp%2Fv2%2Ftags&post=2469"}],"curies":[{"name":"wp","href":"https:\/\/api.w.org\/{rel}","templated":true}]}}