{"id":2452,"date":"2017-09-08T14:11:44","date_gmt":"2017-09-08T12:11:44","guid":{"rendered":"http:\/\/marommeactu.fr\/?p=2452"},"modified":"2017-09-08T14:11:44","modified_gmt":"2017-09-08T12:11:44","slug":"les-rencontres-de-quartier-cest-parti","status":"publish","type":"post","link":"https:\/\/marommeactu.fr\/?p=2452","title":{"rendered":"Les rencontres de quartier : c&rsquo;est parti\u00a0"},"content":{"rendered":"<p>Les rencontres de quartier sont lanc\u00e9s. David Lamiray, entour\u00e9 des \u00e9lus, a r\u00e9serv\u00e9 la primeur de cette pr\u00e9sentation 2017 aux r\u00e9sidents des \u00e9tablissements Pican et Cottereau.&nbsp;Le Maire d\u00e9taille les r\u00e9alisations effectu\u00e9es depuis ses derni\u00e8res rencontres. \u00ab\u00a0Dire ce que l&rsquo;on fait et faire ce que l&rsquo;on dit\u00a0\u00bb aime \u00e0 souligner David Lamiray. \u00ab\u00a0Nous vous avions \u00e9voqu\u00e9 le projet l&rsquo;an dernier. Vous est donc pr\u00e9sent\u00e9 ici sa r\u00e9alisation\u00a0\u00bb. Le Maire d\u00e9veloppe ensuite les grands projets \u00e0 venir avec quelques surprises de taille. Prochaine rencontre, mardi 12 septembre prochain \u00e0 18h, salle Marianne.<\/p>\n<p><a href=\"http:\/\/marommeactu.fr\/wp-content\/uploads\/2017\/09\/img_1282.jpg\"><img loading=\"lazy\" decoding=\"async\" src=\"http:\/\/marommeactu.fr\/wp-content\/uploads\/2017\/09\/img_1282.jpg\" alt=\"\" width=\"3264\" height=\"2448\" class=\"alignnone size-full wp-image-2450\" srcset=\"https:\/\/marommeactu.fr\/wp-content\/uploads\/2017\/09\/img_1282.jpg 3264w, https:\/\/marommeactu.fr\/wp-content\/uploads\/2017\/09\/img_1282-300x225.jpg 300w, https:\/\/marommeactu.fr\/wp-content\/uploads\/2017\/09\/img_1282-768x576.jpg 768w, https:\/\/marommeactu.fr\/wp-content\/uploads\/2017\/09\/img_1282-1024x768.jpg 1024w, https:\/\/marommeactu.fr\/wp-content\/uploads\/2017\/09\/img_1282-400x300.jpg 400w\" sizes=\"(max-width: 3264px) 100vw, 3264px\" \/><a href=\"http:\/\/marommeactu.fr\/wp-content\/uploads\/2017\/09\/rencontresdequartier2017.jpg\"><img loading=\"lazy\" decoding=\"async\" src=\"http:\/\/marommeactu.fr\/wp-content\/uploads\/2017\/09\/rencontresdequartier2017.jpg\" alt=\"\" width=\"1705\" height=\"2500\" class=\"alignnone size-full wp-image-2451\" srcset=\"https:\/\/marommeactu.fr\/wp-content\/uploads\/2017\/09\/rencontresdequartier2017.jpg 1705w, https:\/\/marommeactu.fr\/wp-content\/uploads\/2017\/09\/rencontresdequartier2017-205x300.jpg 205w, https:\/\/marommeactu.fr\/wp-content\/uploads\/2017\/09\/rencontresdequartier2017-768x1126.jpg 768w, https:\/\/marommeactu.fr\/wp-content\/uploads\/2017\/09\/rencontresdequartier2017-698x1024.jpg 698w\" sizes=\"(max-width: 1705px) 100vw, 1705px\" \/><\/a><\/a><\/p>\n","protected":false},"excerpt":{"rendered":"<p>Les rencontres de quartier sont lanc\u00e9s. David Lamiray, entour\u00e9 des \u00e9lus, a r\u00e9serv\u00e9 la primeur de cette pr\u00e9sentation 2017 aux r\u00e9sidents des \u00e9tablissements Pican et Cottereau.&nbsp;Le Maire d\u00e9taille les r\u00e9alisations effectu\u00e9es depuis ses derni\u00e8res rencontres. \u00ab\u00a0Dire ce que l&rsquo;on fait et faire ce que l&rsquo;on dit\u00a0\u00bb aime \u00e0 souligner David Lamiray. \u00ab\u00a0Nous vous avions \u00e9voqu\u00e9&#8230; <\/p>\n<div class=\"link-more\"><a href=\"https:\/\/marommeactu.fr\/?p=2452\">En savoir plus<\/a><\/div>\n","protected":false},"author":1,"featured_media":0,"comment_status":"closed","ping_status":"closed","sticky":false,"template":"","format":"standard","meta":{"footnotes":""},"categories":[4],"tags":[],"_links":{"self":[{"href":"https:\/\/marommeactu.fr\/index.php?rest_route=\/wp\/v2\/posts\/2452"}],"collection":[{"href":"https:\/\/marommeactu.fr\/index.php?rest_route=\/wp\/v2\/posts"}],"about":[{"href":"https:\/\/marommeactu.fr\/index.php?rest_route=\/wp\/v2\/types\/post"}],"author":[{"embeddable":true,"href":"https:\/\/marommeactu.fr\/index.php?rest_route=\/wp\/v2\/users\/1"}],"replies":[{"embeddable":true,"href":"https:\/\/marommeactu.fr\/index.php?rest_route=%2Fwp%2Fv2%2Fcomments&post=2452"}],"version-history":[{"count":1,"href":"https:\/\/marommeactu.fr\/index.php?rest_route=\/wp\/v2\/posts\/2452\/revisions"}],"predecessor-version":[{"id":2453,"href":"https:\/\/marommeactu.fr\/index.php?rest_route=\/wp\/v2\/posts\/2452\/revisions\/2453"}],"wp:attachment":[{"href":"https:\/\/marommeactu.fr\/index.php?rest_route=%2Fwp%2Fv2%2Fmedia&parent=2452"}],"wp:term":[{"taxonomy":"category","embeddable":true,"href":"https:\/\/marommeactu.fr\/index.php?rest_route=%2Fwp%2Fv2%2Fcategories&post=2452"},{"taxonomy":"post_tag","embeddable":true,"href":"https:\/\/marommeactu.fr\/index.php?rest_route=%2Fwp%2Fv2%2Ftags&post=2452"}],"curies":[{"name":"wp","href":"https:\/\/api.w.org\/{rel}","templated":true}]}}