{"id":2439,"date":"2017-09-07T13:52:47","date_gmt":"2017-09-07T11:52:47","guid":{"rendered":"http:\/\/marommeactu.fr\/?p=2439"},"modified":"2017-09-07T13:52:47","modified_gmt":"2017-09-07T11:52:47","slug":"ouverture-dune-classe-a-lecole-maternelle-therese-delbos-enterinee","status":"publish","type":"post","link":"https:\/\/marommeactu.fr\/?p=2439","title":{"rendered":"Ouverture d&rsquo;une classe \u00e0 l&rsquo;\u00e9cole maternelle Th\u00e9r\u00e8se Delbos ent\u00e9rin\u00e9e"},"content":{"rendered":"<p style=\"text-align: justify;\">La Directrice acad\u00e9mique des Services de l\u2019Education Nationale a officialis\u00e9, ce matin-m\u00eame, l&rsquo;ouverture d&rsquo;une classe suppl\u00e9mentaire \u00e0 l&rsquo;\u00e9cole maternelle Th\u00e9r\u00e8se Delbos. Comme l&rsquo;ensemble des parents d&rsquo;\u00e9l\u00e8ves dans l&rsquo;attente d&rsquo;une d\u00e9cision depuis lundi, David Lamiray et Marie-Claude Masurier ne cachaient pas leur satisfaction \u00e0 la lecture de cette annonce. \u00ab\u00a0<em>Nous \u00e9tions le jour de la rentr\u00e9e aupr\u00e8s des parents et des enseignants, avec l&rsquo;inspecteur de l&rsquo;Education Nationale, M. Daniel Smadja, pour assister au comptage des \u00e9l\u00e8ves par la directrice l&rsquo;\u00e9cole.\u00a0\u00bb <\/em>rappelle le Maire.<em> \u00ab\u00a0Et le r\u00e9sultat a \u00e9t\u00e9 sans appel. Pr\u00e8s de 30 \u00e9l\u00e8ves par classe, et alors m\u00eame que l&rsquo;\u00e9cole se situe en zone d&rsquo;\u00e9ducation prioritaire (REP) dont l&rsquo;une des mesures, cela n&rsquo;\u00e9tait pas concevable. L&rsquo;\u00e9ducation est l&rsquo;une de nos priorit\u00e9s. Nous consacrons chaque ann\u00e9e un budget important pour la modernisation et l&rsquo;entretien des \u00e9coles, leur informatisation mais aussi le soutien de leurs projets comme par exemple les classes de d\u00e9couvertes. (\u2026) J&rsquo;ai donc adress\u00e9 le jour-m\u00eame un courrier \u00e0 la Directrice acad\u00e9mique des Services de l\u2019Education Nationale pour appuyer l&rsquo;ouverture d&rsquo;une classe suppl\u00e9mentaire et lui signifier que nous \u00e9tions d&rsquo;ailleurs d&rsquo;ores et d\u00e9j\u00e0 pr\u00eat \u00e0 l&rsquo;accueillir. Au regard des inscriptions, nous avions en effet anticiper par l&rsquo;acquisition de mobiliers scolaires<\/em>\u00a0\u00bb explique David Lamiray.<\/p>\n<p style=\"text-align: justify;\">Depuis cinq ans maintenant, Maromme voit chaque ann\u00e9e l&rsquo;une de ses \u00e9coles dot\u00e9e d&rsquo;une classe suppl\u00e9mentaire. Cette ann\u00e9e, avec l&rsquo;\u00e9cole Jules Ferry \u00e0 la Maine, ce sont donc deux ouvertures qui ont eu lieu sur la commune. \u00ab\u00a0<em>La dynamique que nous avons enclench\u00e9e ces derni\u00e8res ann\u00e9es, notamment avec les programmes de logements, se concr\u00e9tise aussi \u00e0 travers ces ouvertures de classe. Maromme est plus attractive. Sa population augmente mais aussi rajeunit.<\/em> (\u2026) <em>Le nouveau quartier de Binche qui sort actuellement de terre va entra\u00eener la venue de nouvelles familles, de nouveaux \u00e9l\u00e8ves<\/em>\u00ab\u00a0.<\/p>\n<p style=\"text-align: justify;\">\n<p style=\"text-align: justify;\">\n","protected":false},"excerpt":{"rendered":"<p>La Directrice acad\u00e9mique des Services de l\u2019Education Nationale a officialis\u00e9, ce matin-m\u00eame, l&rsquo;ouverture d&rsquo;une classe suppl\u00e9mentaire \u00e0 l&rsquo;\u00e9cole maternelle Th\u00e9r\u00e8se Delbos. Comme l&rsquo;ensemble des parents d&rsquo;\u00e9l\u00e8ves dans l&rsquo;attente d&rsquo;une d\u00e9cision depuis lundi, David Lamiray et Marie-Claude Masurier ne cachaient pas leur satisfaction \u00e0 la lecture de cette annonce. \u00ab\u00a0Nous \u00e9tions le jour de la rentr\u00e9e&#8230; <\/p>\n<div class=\"link-more\"><a href=\"https:\/\/marommeactu.fr\/?p=2439\">En savoir plus<\/a><\/div>\n","protected":false},"author":1,"featured_media":2440,"comment_status":"closed","ping_status":"closed","sticky":false,"template":"","format":"standard","meta":{"footnotes":""},"categories":[4],"tags":[],"_links":{"self":[{"href":"https:\/\/marommeactu.fr\/index.php?rest_route=\/wp\/v2\/posts\/2439"}],"collection":[{"href":"https:\/\/marommeactu.fr\/index.php?rest_route=\/wp\/v2\/posts"}],"about":[{"href":"https:\/\/marommeactu.fr\/index.php?rest_route=\/wp\/v2\/types\/post"}],"author":[{"embeddable":true,"href":"https:\/\/marommeactu.fr\/index.php?rest_route=\/wp\/v2\/users\/1"}],"replies":[{"embeddable":true,"href":"https:\/\/marommeactu.fr\/index.php?rest_route=%2Fwp%2Fv2%2Fcomments&post=2439"}],"version-history":[{"count":2,"href":"https:\/\/marommeactu.fr\/index.php?rest_route=\/wp\/v2\/posts\/2439\/revisions"}],"predecessor-version":[{"id":2442,"href":"https:\/\/marommeactu.fr\/index.php?rest_route=\/wp\/v2\/posts\/2439\/revisions\/2442"}],"wp:featuredmedia":[{"embeddable":true,"href":"https:\/\/marommeactu.fr\/index.php?rest_route=\/wp\/v2\/media\/2440"}],"wp:attachment":[{"href":"https:\/\/marommeactu.fr\/index.php?rest_route=%2Fwp%2Fv2%2Fmedia&parent=2439"}],"wp:term":[{"taxonomy":"category","embeddable":true,"href":"https:\/\/marommeactu.fr\/index.php?rest_route=%2Fwp%2Fv2%2Fcategories&post=2439"},{"taxonomy":"post_tag","embeddable":true,"href":"https:\/\/marommeactu.fr\/index.php?rest_route=%2Fwp%2Fv2%2Ftags&post=2439"}],"curies":[{"name":"wp","href":"https:\/\/api.w.org\/{rel}","templated":true}]}}