{"id":2400,"date":"2017-09-04T11:43:43","date_gmt":"2017-09-04T09:43:43","guid":{"rendered":"http:\/\/marommeactu.fr\/?p=2400"},"modified":"2017-09-04T12:04:23","modified_gmt":"2017-09-04T10:04:23","slug":"rentree-scolaire-une-ouverture-de-classe-peut-etre-deux","status":"publish","type":"post","link":"https:\/\/marommeactu.fr\/?p=2400","title":{"rendered":"Rentr\u00e9e scolaire : Une ouverture de classe\u2026 peut-\u00eatre deux !"},"content":{"rendered":"<p style=\"text-align: justify;\">Comme partout ailleurs, les \u00e9l\u00e8ves ont repris ce matin le chemin des \u00e9coles.<br \/>\n\u00c0 Maromme, cette rentr\u00e9e scolaire 2017 est avant tout marqu\u00e9e par l&rsquo;ouverture d&rsquo;une nouvelle classe \u00e0 l&rsquo;\u00e9cole \u00e9l\u00e9mentaire Jules Ferry o\u00f9 ce sont rendus, ce matin m\u00eame, David Lamiray et Marie-Claude Masurier, adjointe charg\u00e9e de l&rsquo;Education.<\/p>\n<p style=\"text-align: justify;\"><a href=\"http:\/\/marommeactu.fr\/wp-content\/uploads\/2017\/09\/MG_4928.jpg\"><img loading=\"lazy\" decoding=\"async\" class=\"alignnone size-large wp-image-2402\" src=\"http:\/\/marommeactu.fr\/wp-content\/uploads\/2017\/09\/MG_4928-1024x683.jpg\" alt=\"_MG_4928\" width=\"1000\" height=\"667\" srcset=\"https:\/\/marommeactu.fr\/wp-content\/uploads\/2017\/09\/MG_4928-1024x683.jpg 1024w, https:\/\/marommeactu.fr\/wp-content\/uploads\/2017\/09\/MG_4928-300x200.jpg 300w, https:\/\/marommeactu.fr\/wp-content\/uploads\/2017\/09\/MG_4928-768x512.jpg 768w, https:\/\/marommeactu.fr\/wp-content\/uploads\/2017\/09\/MG_4928-288x192.jpg 288w, https:\/\/marommeactu.fr\/wp-content\/uploads\/2017\/09\/MG_4928-960x640.jpg 960w, https:\/\/marommeactu.fr\/wp-content\/uploads\/2017\/09\/MG_4928-450x300.jpg 450w, https:\/\/marommeactu.fr\/wp-content\/uploads\/2017\/09\/MG_4928.jpg 1500w\" sizes=\"(max-width: 1000px) 100vw, 1000px\" \/><\/a><br \/>\nUne seconde ouverture de classe se profile \u00e0 l&rsquo;\u00e9cole maternelle Th\u00e9r\u00e8se Delbos. En effet, devant une hausse significative des inscriptions, la directrice de l&rsquo;\u00e9cole, Catherine Pontillon, a proc\u00e9d\u00e9 au comptage des \u00e9l\u00e8ves en pr\u00e9sence de l&rsquo;inspecteur de l&rsquo;Education Nationale, M. Daniel Smadja. Au total, 123 \u00e9l\u00e8ves ont \u00e9t\u00e9 comptabilis\u00e9s ce qui repr\u00e9sente, en l&rsquo;\u00e9tat, pr\u00e8s de 30 \u00e9l\u00e8ves par classe. Cependant, l&rsquo;\u00e9cole maternelle Th\u00e9r\u00e8se Delbos appartient au R\u00e9seau d&rsquo;Education Prioritaire (REP), un dispositif qui limite notamment \u00e0 25 le nombre d&rsquo;\u00e9l\u00e8ves dans les classes.<\/p>\n<p style=\"text-align: justify;\"><a href=\"http:\/\/marommeactu.fr\/wp-content\/uploads\/2017\/09\/MG_4917.jpg\"><img loading=\"lazy\" decoding=\"async\" class=\"alignnone size-large wp-image-2401\" src=\"http:\/\/marommeactu.fr\/wp-content\/uploads\/2017\/09\/MG_4917-1024x683.jpg\" alt=\"_MG_4917\" width=\"1000\" height=\"667\" srcset=\"https:\/\/marommeactu.fr\/wp-content\/uploads\/2017\/09\/MG_4917-1024x683.jpg 1024w, https:\/\/marommeactu.fr\/wp-content\/uploads\/2017\/09\/MG_4917-300x200.jpg 300w, https:\/\/marommeactu.fr\/wp-content\/uploads\/2017\/09\/MG_4917-768x512.jpg 768w, https:\/\/marommeactu.fr\/wp-content\/uploads\/2017\/09\/MG_4917-288x192.jpg 288w, https:\/\/marommeactu.fr\/wp-content\/uploads\/2017\/09\/MG_4917-960x640.jpg 960w, https:\/\/marommeactu.fr\/wp-content\/uploads\/2017\/09\/MG_4917-450x300.jpg 450w, https:\/\/marommeactu.fr\/wp-content\/uploads\/2017\/09\/MG_4917.jpg 1500w\" sizes=\"(max-width: 1000px) 100vw, 1000px\" \/><\/a><\/p>\n<p style=\"text-align: justify;\">David Lamiray et Barbara Martel, conseill\u00e8re municipale, avaient tenu \u00e0 \u00eatre l\u00e0. Le Maire a en effet tenu \u00e0 rassurer les parents en leur annon\u00e7ant qu&rsquo;il adresserait, d\u00e8s aujourd&rsquo;hui, un courrier \u00e0 la Directrice acad\u00e9mique des Services de l&rsquo;Education Nationale pour soutenir l&rsquo;ouverture d&rsquo;une classe suppl\u00e9mentaire. \u00ab\u00a0<em>Nous avons d&rsquo;ores et d\u00e9j\u00e0 anticiper en faisant l&rsquo;acquisition de mobilier.<\/em>\u00a0\u00bb indiquait le Maire. \u00ab\u00a0<em>De plus, cette nouvelle classe se justifie d&rsquo;autant plus que la livraison prochaine des 132 logements de Log\u00e9o Seine-Estuaire va entrainer de la venue de nouvelles familles, de nouveaux \u00e9l\u00e8ves<\/em>\u00ab\u00a0.<br \/>\nAffaire \u00e0 suivre\u2026<\/p>\n<p><span style=\"border-radius: 2px; text-indent: 20px; width: auto; padding: 0px 4px 0px 0px; text-align: center; font: bold 11px\/20px 'Helvetica Neue',Helvetica,sans-serif; color: #ffffff; background: #bd081c  no-repeat scroll 3px 50% \/ 14px 14px; position: absolute; opacity: 1; z-index: 8675309; display: none; cursor: pointer; top: 1002px; left: 20px;\">Enregistrer<\/span><\/p>\n","protected":false},"excerpt":{"rendered":"<p>Comme partout ailleurs, les \u00e9l\u00e8ves ont repris ce matin le chemin des \u00e9coles. \u00c0 Maromme, cette rentr\u00e9e scolaire 2017 est avant tout marqu\u00e9e par l&rsquo;ouverture d&rsquo;une nouvelle classe \u00e0 l&rsquo;\u00e9cole \u00e9l\u00e9mentaire Jules Ferry o\u00f9 ce sont rendus, ce matin m\u00eame, David Lamiray et Marie-Claude Masurier, adjointe charg\u00e9e de l&rsquo;Education. Une seconde ouverture de classe se&#8230; <\/p>\n<div class=\"link-more\"><a href=\"https:\/\/marommeactu.fr\/?p=2400\">En savoir plus<\/a><\/div>\n","protected":false},"author":1,"featured_media":2404,"comment_status":"closed","ping_status":"closed","sticky":false,"template":"","format":"standard","meta":{"footnotes":""},"categories":[4],"tags":[],"_links":{"self":[{"href":"https:\/\/marommeactu.fr\/index.php?rest_route=\/wp\/v2\/posts\/2400"}],"collection":[{"href":"https:\/\/marommeactu.fr\/index.php?rest_route=\/wp\/v2\/posts"}],"about":[{"href":"https:\/\/marommeactu.fr\/index.php?rest_route=\/wp\/v2\/types\/post"}],"author":[{"embeddable":true,"href":"https:\/\/marommeactu.fr\/index.php?rest_route=\/wp\/v2\/users\/1"}],"replies":[{"embeddable":true,"href":"https:\/\/marommeactu.fr\/index.php?rest_route=%2Fwp%2Fv2%2Fcomments&post=2400"}],"version-history":[{"count":3,"href":"https:\/\/marommeactu.fr\/index.php?rest_route=\/wp\/v2\/posts\/2400\/revisions"}],"predecessor-version":[{"id":2413,"href":"https:\/\/marommeactu.fr\/index.php?rest_route=\/wp\/v2\/posts\/2400\/revisions\/2413"}],"wp:featuredmedia":[{"embeddable":true,"href":"https:\/\/marommeactu.fr\/index.php?rest_route=\/wp\/v2\/media\/2404"}],"wp:attachment":[{"href":"https:\/\/marommeactu.fr\/index.php?rest_route=%2Fwp%2Fv2%2Fmedia&parent=2400"}],"wp:term":[{"taxonomy":"category","embeddable":true,"href":"https:\/\/marommeactu.fr\/index.php?rest_route=%2Fwp%2Fv2%2Fcategories&post=2400"},{"taxonomy":"post_tag","embeddable":true,"href":"https:\/\/marommeactu.fr\/index.php?rest_route=%2Fwp%2Fv2%2Ftags&post=2400"}],"curies":[{"name":"wp","href":"https:\/\/api.w.org\/{rel}","templated":true}]}}