{"id":2384,"date":"2017-09-01T09:13:53","date_gmt":"2017-09-01T07:13:53","guid":{"rendered":"http:\/\/marommeactu.fr\/?p=2384"},"modified":"2017-09-01T09:13:53","modified_gmt":"2017-09-01T07:13:53","slug":"chantiers-dete-55-le-logement","status":"publish","type":"post","link":"https:\/\/marommeactu.fr\/?p=2384","title":{"rendered":"Chantiers d\u2019\u00e9t\u00e9 (5\/5) : Le logement"},"content":{"rendered":"<p style=\"text-align: justify;\">Les \u00e9lus ont achev\u00e9 leur visite par les\u00a0 deux grands projets autour du logement actuellement en cours sur la ville.<\/p>\n<p style=\"text-align: justify;\"><a href=\"http:\/\/marommeactu.fr\/wp-content\/uploads\/2017\/09\/MG_4558.jpg\"><img loading=\"lazy\" decoding=\"async\" class=\"alignnone size-large wp-image-2387\" src=\"http:\/\/marommeactu.fr\/wp-content\/uploads\/2017\/09\/MG_4558-1024x683.jpg\" alt=\"_MG_4558\" width=\"1000\" height=\"667\" srcset=\"https:\/\/marommeactu.fr\/wp-content\/uploads\/2017\/09\/MG_4558-1024x683.jpg 1024w, https:\/\/marommeactu.fr\/wp-content\/uploads\/2017\/09\/MG_4558-300x200.jpg 300w, https:\/\/marommeactu.fr\/wp-content\/uploads\/2017\/09\/MG_4558-768x512.jpg 768w, https:\/\/marommeactu.fr\/wp-content\/uploads\/2017\/09\/MG_4558-288x192.jpg 288w, https:\/\/marommeactu.fr\/wp-content\/uploads\/2017\/09\/MG_4558-960x640.jpg 960w, https:\/\/marommeactu.fr\/wp-content\/uploads\/2017\/09\/MG_4558-450x300.jpg 450w, https:\/\/marommeactu.fr\/wp-content\/uploads\/2017\/09\/MG_4558.jpg 1800w\" sizes=\"(max-width: 1000px) 100vw, 1000px\" \/><\/a><\/p>\n<p style=\"text-align: justify;\">Le vaste chantier d&rsquo;am\u00e9lioration des performances \u00e9nerg\u00e9tiques du patrimoine immobilier d&rsquo;Habitat 76 est sur le point de s&rsquo;achever.\u00a0 Gr\u00e2ce \u00e0 la redynamisation des fa\u00e7ades par l&rsquo;ajout de bardage et de cadres saillants mais aussi et surtout la transformation esth\u00e9tique des toitures, Habitat 76 redessine fortement l&rsquo;image des Portes de la Ville en leur redonnant une plus-value ind\u00e9niable.<\/p>\n<p style=\"text-align: justify;\"><a href=\"http:\/\/marommeactu.fr\/wp-content\/uploads\/2017\/09\/MG_4567.jpg\"><img loading=\"lazy\" decoding=\"async\" class=\"alignnone size-large wp-image-2388\" src=\"http:\/\/marommeactu.fr\/wp-content\/uploads\/2017\/09\/MG_4567-683x1024.jpg\" alt=\"_MG_4567\" width=\"683\" height=\"1024\" srcset=\"https:\/\/marommeactu.fr\/wp-content\/uploads\/2017\/09\/MG_4567-683x1024.jpg 683w, https:\/\/marommeactu.fr\/wp-content\/uploads\/2017\/09\/MG_4567-200x300.jpg 200w, https:\/\/marommeactu.fr\/wp-content\/uploads\/2017\/09\/MG_4567-768x1152.jpg 768w, https:\/\/marommeactu.fr\/wp-content\/uploads\/2017\/09\/MG_4567.jpg 1200w\" sizes=\"(max-width: 683px) 100vw, 683px\" \/><\/a><\/p>\n<p style=\"text-align: justify;\">Dans le quartier de Binche, la reconstruction des 132 logements par Log\u00e9o Seine Estuaire se poursuit. Les premiers b\u00e2timents sont sortis de terre tandis que conjointement ont d\u00e9marr\u00e9 les travaux de soubassement pour la r\u00e9alisation des futurs parkings souterrains.<\/p>\n<p style=\"text-align: justify;\"><a href=\"http:\/\/marommeactu.fr\/wp-content\/uploads\/2017\/09\/IMG_8058.jpg\"><img loading=\"lazy\" decoding=\"async\" class=\"alignnone size-large wp-image-2389\" src=\"http:\/\/marommeactu.fr\/wp-content\/uploads\/2017\/09\/IMG_8058-1024x683.jpg\" alt=\"IMG_8058\" width=\"1000\" height=\"667\" srcset=\"https:\/\/marommeactu.fr\/wp-content\/uploads\/2017\/09\/IMG_8058-1024x683.jpg 1024w, https:\/\/marommeactu.fr\/wp-content\/uploads\/2017\/09\/IMG_8058-300x200.jpg 300w, https:\/\/marommeactu.fr\/wp-content\/uploads\/2017\/09\/IMG_8058-768x512.jpg 768w, https:\/\/marommeactu.fr\/wp-content\/uploads\/2017\/09\/IMG_8058-288x192.jpg 288w, https:\/\/marommeactu.fr\/wp-content\/uploads\/2017\/09\/IMG_8058-960x640.jpg 960w, https:\/\/marommeactu.fr\/wp-content\/uploads\/2017\/09\/IMG_8058-450x300.jpg 450w, https:\/\/marommeactu.fr\/wp-content\/uploads\/2017\/09\/IMG_8058.jpg 1800w\" sizes=\"(max-width: 1000px) 100vw, 1000px\" \/><\/a><\/p>\n","protected":false},"excerpt":{"rendered":"<p>Les \u00e9lus ont achev\u00e9 leur visite par les\u00a0 deux grands projets autour du logement actuellement en cours sur la ville. Le vaste chantier d&rsquo;am\u00e9lioration des performances \u00e9nerg\u00e9tiques du patrimoine immobilier d&rsquo;Habitat 76 est sur le point de s&rsquo;achever.\u00a0 Gr\u00e2ce \u00e0 la redynamisation des fa\u00e7ades par l&rsquo;ajout de bardage et de cadres saillants mais aussi et&#8230; <\/p>\n<div class=\"link-more\"><a href=\"https:\/\/marommeactu.fr\/?p=2384\">En savoir plus<\/a><\/div>\n","protected":false},"author":1,"featured_media":2386,"comment_status":"closed","ping_status":"closed","sticky":false,"template":"","format":"standard","meta":{"footnotes":""},"categories":[4],"tags":[],"_links":{"self":[{"href":"https:\/\/marommeactu.fr\/index.php?rest_route=\/wp\/v2\/posts\/2384"}],"collection":[{"href":"https:\/\/marommeactu.fr\/index.php?rest_route=\/wp\/v2\/posts"}],"about":[{"href":"https:\/\/marommeactu.fr\/index.php?rest_route=\/wp\/v2\/types\/post"}],"author":[{"embeddable":true,"href":"https:\/\/marommeactu.fr\/index.php?rest_route=\/wp\/v2\/users\/1"}],"replies":[{"embeddable":true,"href":"https:\/\/marommeactu.fr\/index.php?rest_route=%2Fwp%2Fv2%2Fcomments&post=2384"}],"version-history":[{"count":2,"href":"https:\/\/marommeactu.fr\/index.php?rest_route=\/wp\/v2\/posts\/2384\/revisions"}],"predecessor-version":[{"id":2391,"href":"https:\/\/marommeactu.fr\/index.php?rest_route=\/wp\/v2\/posts\/2384\/revisions\/2391"}],"wp:featuredmedia":[{"embeddable":true,"href":"https:\/\/marommeactu.fr\/index.php?rest_route=\/wp\/v2\/media\/2386"}],"wp:attachment":[{"href":"https:\/\/marommeactu.fr\/index.php?rest_route=%2Fwp%2Fv2%2Fmedia&parent=2384"}],"wp:term":[{"taxonomy":"category","embeddable":true,"href":"https:\/\/marommeactu.fr\/index.php?rest_route=%2Fwp%2Fv2%2Fcategories&post=2384"},{"taxonomy":"post_tag","embeddable":true,"href":"https:\/\/marommeactu.fr\/index.php?rest_route=%2Fwp%2Fv2%2Ftags&post=2384"}],"curies":[{"name":"wp","href":"https:\/\/api.w.org\/{rel}","templated":true}]}}